{"id":209860,"date":"2025-12-31T23:46:15","date_gmt":"2025-12-31T23:46:15","guid":{"rendered":"https:\/\/www.europesays.com\/pt\/209860\/"},"modified":"2025-12-31T23:46:15","modified_gmt":"2025-12-31T23:46:15","slug":"em-madrid-virginia-faz-balanco-de-seu-2025-no-ultimo-dia-do-ano-por-mais-que","status":"publish","type":"post","link":"https:\/\/www.europesays.com\/pt\/209860\/","title":{"rendered":"Em Madrid, Virginia faz balan\u00e7o de seu 2025 no \u00faltimo dia do ano: &#8216;Por mais que\u2026&#8217;"},"content":{"rendered":"<p><a href=\"https:\/\/caras.com.br\/tags\/virginia-fonseca\" rel=\"nofollow noopener\" target=\"_blank\"><strong>Virginia Fonseca<\/strong><\/a> est\u00e1 preparada para entrar em 2026! Nesta quarta-feira, 31, a influenciadora e apresentadora usou as redes sociais para fazer um breve balan\u00e7o de seu 2025, marcado por mudan\u00e7as pessoais, e aproveitou para revelar seus desejos para o pr\u00f3ximo ano.<\/p>\n<p>A famosa, que passar\u00e1 o r\u00e9veillon em Madrid, na Espanha, contou que se sente muito grata por todos os momentos vividos em 2025. \u201c\u00daltimo dia do ano, j\u00e1 estou aqui prontinha para viver esse \u00faltimo dia\u201c, iniciou ela em um v\u00eddeo publicado em seu perfil.<\/p>\n<p>\u201cS\u00f3 tenho a agradecer, 2025 foi um ano maravilhoso. Por mais que tenham acontecido muitas coisas na minha vida, foi um ano maravilhoso. S\u00f3 tenho a agradecer a Deus e pedir que 2026 seja um ano ainda melhor, de muitas realiza\u00e7\u00f5es, conquistas, seja um ano aben\u00e7oado. Am\u00e9m, vamos para cima. 2026 \u00e9 nosso\u201c, completou Virginia Fonseca.<\/p>\n<p>Vale lembrar que a influenciadora est\u00e1 hospedada na casa do namorado,<a href=\"https:\/\/caras.com.br\/tags\/vini-jr\" rel=\"nofollow noopener\" target=\"_blank\"><strong> Vini Jr<\/strong><\/a>, em Madrid. Ap\u00f3s celebrar o Natal na mans\u00e3o do atleta no Rio de Janeiro, o casal desembarcou na Espanha junto com amigos e os tr\u00eas filhos da famosa, frutos do antigo casamento com <a href=\"https:\/\/caras.com.br\/tags\/ze-felipe\" rel=\"nofollow noopener\" target=\"_blank\"><strong>Z\u00e9 Felipe<\/strong><\/a>, para comemorar a entrada de 2026.<\/p>\n<p>\t <img loading=\"lazy\" decoding=\"async\" class=\"size-full wp-image-1051572 img-fluid lazy\" alt=\"Virginia se despede de 2025 - Foto: Reprodu\u00e7\u00e3o \/ Instagram @virginia\" width=\"462\" height=\"822\" src=\"https:\/\/www.europesays.com\/pt\/wp-content\/uploads\/2025\/12\/virginia-se-despede-de-2025.jpg\"  \/>Virginia se despede de 2025 \u2013 Foto: Reprodu\u00e7\u00e3o \/ Instagram @virginia <\/p>\n<blockquote class=\"instagram-media\" style=\"background: #FFF; border: 0; border-radius: 3px; box-shadow: 0 0 1px 0 rgba(0,0,0,0.5),0 1px 10px 0 rgba(0,0,0,0.15); margin: 1px; max-width: 540px; min-width: 326px; padding: 0; width: calc(100% - 2px);\" data-instgrm-captioned=\"\" data-instgrm-permalink=\"https:\/\/www.instagram.com\/p\/DS2XnXQjIu_\/?utm_source=ig_embed&amp;utm_campaign=loading\" data-instgrm-version=\"14\"><\/blockquote>\n<p>  Virginia esteve na Bahia com a fam\u00edlia <\/p>\n<p>Ap\u00f3s o Natal, <strong>Virginia Fonseca<\/strong> <a href=\"https:\/\/caras.com.br\/viagem\/diarias-de-ate-r-10-mil-conheca-o-hotel-onde-virginia-e-vini-jr-estao-em-trancoso.phtml\" rel=\"nofollow noopener\" target=\"_blank\">passou alguns dias em Trancoso<\/a>, na Bahia, na companhia de seus tr\u00eas filhos, amigos e do namorado, <strong>Vini Jr<\/strong>. Em suas redes sociais, a influenciadora compartilhou registros especiais dos momentos de lazer no local.<\/p>\n<p>Nos cliques, \u00e9 poss\u00edvel notar a alegria de <strong>Maria Alice<\/strong>, <strong>Maria Flor<\/strong> e <strong>Jos\u00e9 Leonardo<\/strong> <a href=\"https:\/\/caras.com.br\/kids\/virginia-fonseca-curte-momento-de-lazer-com-os-filhos-na-bahia-veja.phtml\" rel=\"nofollow noopener\" target=\"_blank\">aproveitando a piscina do hotel<\/a> onde ficaram hospedados. Virginia tamb\u00e9m publicou uma sequ\u00eancia de fotos rom\u00e2nticas com Vini Jr: \u201cSexta dif\u00edcil por c\u00e1\u201c, brincou ela na legenda.<\/p>\n<p>Vale lembrar que os tr\u00eas herdeiros da influenciadora passaram o Natal ao lado do pai, o cantor <strong>Z\u00e9 Felipe<\/strong>, em Goi\u00e2nia, Goi\u00e1s. Logo ap\u00f3s a data festiva, as crian\u00e7as seguiram ao encontro da m\u00e3e, j\u00e1 na Bahia. No in\u00edcio desta semana, todos desembarcaram em Madrid, na Espanha.<\/p>\n<p><strong>Leia tamb\u00e9m<\/strong>: <a href=\"https:\/\/caras.com.br\/datas-especiais\/veja-como-virginia-fonseca-e-ze-felipe-passaram-o-primeiro-natal-apos-o-divorcio.phtml\" rel=\"nofollow noopener\" target=\"_blank\">Veja como Virginia Fonseca e Z\u00e9 Felipe passaram o primeiro Natal ap\u00f3s o div\u00f3rcio<\/a><\/p>\n<p> <img loading=\"lazy\" decoding=\"async\" class=\"size-full wp-image-1050323 img-fluid lazy\" alt=\"Virginia Fonseca com os filhos\" width=\"1920\" height=\"1080\" src=\"https:\/\/www.europesays.com\/pt\/wp-content\/uploads\/2025\/12\/1767224774_933_virginia-fonseca-com-os-filhos.jpg\"  \/>Virginia Fonseca com os filhos \u2013 Foto: Instagram\/@virginia <img loading=\"lazy\" decoding=\"async\" class=\"size-full wp-image-1051573 img-fluid lazy\" alt=\"Virginia e Vini Jr na Bahia - Foto: Reprodu\u00e7\u00e3o \/ Instagram @virginia\" width=\"1080\" height=\"1106\" src=\"https:\/\/www.europesays.com\/pt\/wp-content\/uploads\/2025\/12\/virginia-e-vini-jr-na-bahia.jpg\"  \/>Virginia e Vini Jr na Bahia \u2013 Foto: Reprodu\u00e7\u00e3o \/ Instagram @virginia <\/p>\n<blockquote class=\"instagram-media\" style=\"background: #FFF; border: 0; border-radius: 3px; box-shadow: 0 0 1px 0 rgba(0,0,0,0.5),0 1px 10px 0 rgba(0,0,0,0.15); margin: 1px; max-width: 540px; min-width: 326px; padding: 0; width: calc(100% - 2px);\" data-instgrm-captioned=\"\" data-instgrm-permalink=\"https:\/\/www.instagram.com\/p\/DS3KvzRDE2Z\/?utm_source=ig_embed&amp;utm_campaign=loading\" data-instgrm-version=\"14\"><\/blockquote>\n<p>        <a href=\"https:\/\/caras.com.br\/autor\/rafaela-oliveira\" rel=\"nofollow noopener\" target=\"_blank\">&#13;<br \/>\n          <img alt=\"Rafaela Oliveira\" src=\"https:\/\/www.europesays.com\/pt\/wp-content\/uploads\/2025\/12\/1767224775_161_49f5322875970d1e29e5ff2c3d4db4418044337871973cc6a09a25acab0e8ff7.png\"  class=\"avatar avatar-115 photo rounded-circle mr-3\" height=\"115\" width=\"115\" loading=\"lazy\" decoding=\"async\"\/>        <\/a><\/p>\n<p>        <strong>Rafaela Oliveira<\/strong> \u00e9 rep\u00f3rter de conte\u00fado do site CARAS. Formada em jornalismo, j\u00e1 passou por sites como MaisNovela, Portal M\u00e1rcia Piovesan, Purepeople Brasil e Jornal O Dia. Escreve sobre celebridades, TV e reality show. (email: <a href=\"https:\/\/caras.com.br\/cdn-cgi\/l\/email-protection\" class=\"__cf_email__\" data-cfemail=\"5b29393437322d3e32293a043834373a391b383a293a2875383436753929\" rel=\"nofollow noopener\" target=\"_blank\">[email\u00a0protected]<\/a>)<\/p>\n<ul class=\"terms-list post_tag list-inline\">\n<li class=\"virginia list-inline-item\">\n\t\t\t\t\t<a href=\"https:\/\/caras.com.br\/tags\/virginia\" class=\"item-category\" rel=\"nofollow noopener\" target=\"_blank\">Virginia<\/a>\n\t\t\t\t<\/li>\n<li class=\"virginia-fonseca list-inline-item\">\n\t\t\t\t\t<a href=\"https:\/\/caras.com.br\/tags\/virginia-fonseca\" class=\"item-category\" rel=\"nofollow noopener\" target=\"_blank\">Virg\u00ednia Fonseca<\/a>\n\t\t\t\t<\/li>\n<\/ul>\n<p>\t                                            <script async src=\"\/\/www.instagram.com\/embed.js\"><\/script><\/p>\n","protected":false},"excerpt":{"rendered":"Virginia Fonseca est\u00e1 preparada para entrar em 2026! Nesta quarta-feira, 31, a influenciadora e apresentadora usou as redes&hellip;\n","protected":false},"author":2,"featured_media":209861,"comment_status":"","ping_status":"","sticky":false,"template":"","format":"standard","meta":{"footnotes":""},"categories":[145],"tags":[211,210,114,115,32,33,973,1446],"class_list":{"0":"post-209860","1":"post","2":"type-post","3":"status-publish","4":"format-standard","5":"has-post-thumbnail","7":"category-celebridades","8":"tag-celebridades","9":"tag-celebrities","10":"tag-entertainment","11":"tag-entretenimento","12":"tag-portugal","13":"tag-pt","14":"tag-virginia","15":"tag-virginia-fonseca"},"share_on_mastodon":{"url":"https:\/\/pubeurope.com\/@pt\/115816849981246449","error":""},"_links":{"self":[{"href":"https:\/\/www.europesays.com\/pt\/wp-json\/wp\/v2\/posts\/209860","targetHints":{"allow":["GET"]}}],"collection":[{"href":"https:\/\/www.europesays.com\/pt\/wp-json\/wp\/v2\/posts"}],"about":[{"href":"https:\/\/www.europesays.com\/pt\/wp-json\/wp\/v2\/types\/post"}],"author":[{"embeddable":true,"href":"https:\/\/www.europesays.com\/pt\/wp-json\/wp\/v2\/users\/2"}],"replies":[{"embeddable":true,"href":"https:\/\/www.europesays.com\/pt\/wp-json\/wp\/v2\/comments?post=209860"}],"version-history":[{"count":0,"href":"https:\/\/www.europesays.com\/pt\/wp-json\/wp\/v2\/posts\/209860\/revisions"}],"wp:featuredmedia":[{"embeddable":true,"href":"https:\/\/www.europesays.com\/pt\/wp-json\/wp\/v2\/media\/209861"}],"wp:attachment":[{"href":"https:\/\/www.europesays.com\/pt\/wp-json\/wp\/v2\/media?parent=209860"}],"wp:term":[{"taxonomy":"category","embeddable":true,"href":"https:\/\/www.europesays.com\/pt\/wp-json\/wp\/v2\/categories?post=209860"},{"taxonomy":"post_tag","embeddable":true,"href":"https:\/\/www.europesays.com\/pt\/wp-json\/wp\/v2\/tags?post=209860"}],"curies":[{"name":"wp","href":"https:\/\/api.w.org\/{rel}","templated":true}]}}