{"id":209866,"date":"2025-12-31T23:52:14","date_gmt":"2025-12-31T23:52:14","guid":{"rendered":"https:\/\/www.europesays.com\/pt\/209866\/"},"modified":"2025-12-31T23:52:14","modified_gmt":"2025-12-31T23:52:14","slug":"sporting-mostrou-interesse-em-avancado-que-esta-na-segunda-divisao-de-espanha","status":"publish","type":"post","link":"https:\/\/www.europesays.com\/pt\/209866\/","title":{"rendered":"Sporting mostrou interesse em avan\u00e7ado que est\u00e1 na segunda divis\u00e3o de Espanha"},"content":{"rendered":"<p>&#8211; Advertisement &#8211;<\/p>\n<p><strong>O Sporting manifestou interesse em Sergio Arribas. O avan\u00e7ado espanhol de 22 anos est\u00e1 ao servi\u00e7o do Almer\u00eda e tem sido um dos destaques da prova.<\/strong><\/p>\n<p>Sergio Arribas est\u00e1 na mira do Sporting. Segundo o jornal Record, os le\u00f5es sondaram o Almer\u00eda para contratar o avan\u00e7ado espanhol de 22 anos, mas acabaram por n\u00e3o ter sucesso na abordagem.<\/p>\n<p>Nesta altura, o Almer\u00eda n\u00e3o pretende abrir m\u00e3o de Sergio Arribas e o clube espanhol est\u00e1 determinado em ficar com o avan\u00e7ado de 22 anos at\u00e9 ao final desta temporada.<\/p>\n<p>Sergio Arribas, <a href=\"https:\/\/bolanarede.pt\/especial-bola-na-rede\/atualidade\/sevilha-e-leverkusen-em-corrida-por-medio-espanhol\/\" target=\"_blank\" rel=\"noreferrer noopener nofollow\">que tem sido apontado a v\u00e1rias equipas na Europa<\/a>, fez forma\u00e7\u00e3o no Real Madrid e est\u00e1 h\u00e1 tr\u00eas temporadas ao servi\u00e7o do Almer\u00eda. Nesta \u00e9poca contabilizou dez golos e quatro assist\u00eancias em 20 jogos pelo emblema que milita no segundo escal\u00e3o do futebol de Espanha.<\/p>\n","protected":false},"excerpt":{"rendered":"&#8211; Advertisement &#8211; O Sporting manifestou interesse em Sergio Arribas. O avan\u00e7ado espanhol de 22 anos est\u00e1 ao&hellip;\n","protected":false},"author":2,"featured_media":207160,"comment_status":"","ping_status":"","sticky":false,"template":"","format":"standard","meta":{"footnotes":""},"categories":[87],"tags":[37,260,135,3085,32,479,33,41199,34,134],"class_list":{"0":"post-209866","1":"post","2":"type-post","3":"status-publish","4":"format-standard","5":"has-post-thumbnail","7":"category-desporto","8":"tag-almeria","9":"tag-atualidade","10":"tag-desporto","11":"tag-la-liga-2","12":"tag-portugal","13":"tag-primeira-liga","14":"tag-pt","15":"tag-sergio-arribas","16":"tag-sporting","17":"tag-sports"},"share_on_mastodon":{"url":"https:\/\/pubeurope.com\/@pt\/115816873601322493","error":""},"_links":{"self":[{"href":"https:\/\/www.europesays.com\/pt\/wp-json\/wp\/v2\/posts\/209866","targetHints":{"allow":["GET"]}}],"collection":[{"href":"https:\/\/www.europesays.com\/pt\/wp-json\/wp\/v2\/posts"}],"about":[{"href":"https:\/\/www.europesays.com\/pt\/wp-json\/wp\/v2\/types\/post"}],"author":[{"embeddable":true,"href":"https:\/\/www.europesays.com\/pt\/wp-json\/wp\/v2\/users\/2"}],"replies":[{"embeddable":true,"href":"https:\/\/www.europesays.com\/pt\/wp-json\/wp\/v2\/comments?post=209866"}],"version-history":[{"count":0,"href":"https:\/\/www.europesays.com\/pt\/wp-json\/wp\/v2\/posts\/209866\/revisions"}],"wp:featuredmedia":[{"embeddable":true,"href":"https:\/\/www.europesays.com\/pt\/wp-json\/wp\/v2\/media\/207160"}],"wp:attachment":[{"href":"https:\/\/www.europesays.com\/pt\/wp-json\/wp\/v2\/media?parent=209866"}],"wp:term":[{"taxonomy":"category","embeddable":true,"href":"https:\/\/www.europesays.com\/pt\/wp-json\/wp\/v2\/categories?post=209866"},{"taxonomy":"post_tag","embeddable":true,"href":"https:\/\/www.europesays.com\/pt\/wp-json\/wp\/v2\/tags?post=209866"}],"curies":[{"name":"wp","href":"https:\/\/api.w.org\/{rel}","templated":true}]}}