{"id":209878,"date":"2026-01-01T00:05:09","date_gmt":"2026-01-01T00:05:09","guid":{"rendered":"https:\/\/www.europesays.com\/pt\/209878\/"},"modified":"2026-01-01T00:05:09","modified_gmt":"2026-01-01T00:05:09","slug":"homem-de-ferro-ator-revela-que-aceitou-papel-de-terrorista-por-causa-do-cache","status":"publish","type":"post","link":"https:\/\/www.europesays.com\/pt\/209878\/","title":{"rendered":"Homem de Ferro | Ator revela que aceitou papel de terrorista por causa do cach\u00ea"},"content":{"rendered":"<p class=\"wp-block-yoast-seo-estimated-reading-time yoast-reading-time__wrapper\">Estimated reading time: 2 minutos<\/p>\n<p>Durante um recente show de stand-up, o comediante <strong>Ahmed Ahmed<\/strong> revelou que inicialmente recusou interpretar o <strong>&#8220;Terrorista #4&#8221;<\/strong> no primeiro filme do <a href=\"https:\/\/ovicio.com.br\/tag\/homem-de-ferro\" rel=\"nofollow noopener\" target=\"_blank\">Homem de Ferro<\/a> (2008), pois n\u00e3o queria perpetuar estere\u00f3tipos.<\/p>\n<p>No entanto, o ator contou que mudou de ideia rapidamente ap\u00f3s seu agente informar o valor do sal\u00e1rio para o projeto da <strong>Marvel Studios<\/strong>:<\/p>\n<p><strong>&#8220;Eu disse: &#8216;N\u00e3o quero fazer isso. Estou tentando fugir desse estere\u00f3tipo&#8217;. Meu agente respondeu: &#8216;Eles querem pagar US$ 50 mil por, tipo, duas semanas de trabalho&#8217;.&#8221;<\/strong><\/p>\n<p>Lan\u00e7ado em 2008, <strong>Homem de Ferro<\/strong> deu in\u00edcio ao <strong>MCU<\/strong> e est\u00e1 dispon\u00edvel no cat\u00e1logo do <strong>Disney+<\/strong>.<\/p>\n<p>Leia tamb\u00e9m sobre Homem de Ferro:<\/p>\n","protected":false},"excerpt":{"rendered":"Estimated reading time: 2 minutos Durante um recente show de stand-up, o comediante Ahmed Ahmed revelou que inicialmente&hellip;\n","protected":false},"author":2,"featured_media":209879,"comment_status":"","ping_status":"","sticky":false,"template":"","format":"standard","meta":{"footnotes":""},"categories":[140],"tags":[41200,114,115,147,148,9473,792,146,32,33],"class_list":{"0":"post-209878","1":"post","2":"type-post","3":"status-publish","4":"format-standard","5":"has-post-thumbnail","7":"category-filmes","8":"tag-ahmed-ahmed","9":"tag-entertainment","10":"tag-entretenimento","11":"tag-film","12":"tag-filmes","13":"tag-homem-de-ferro","14":"tag-marvel","15":"tag-movies","16":"tag-portugal","17":"tag-pt"},"share_on_mastodon":{"url":"https:\/\/pubeurope.com\/@pt\/115816924736375089","error":""},"_links":{"self":[{"href":"https:\/\/www.europesays.com\/pt\/wp-json\/wp\/v2\/posts\/209878","targetHints":{"allow":["GET"]}}],"collection":[{"href":"https:\/\/www.europesays.com\/pt\/wp-json\/wp\/v2\/posts"}],"about":[{"href":"https:\/\/www.europesays.com\/pt\/wp-json\/wp\/v2\/types\/post"}],"author":[{"embeddable":true,"href":"https:\/\/www.europesays.com\/pt\/wp-json\/wp\/v2\/users\/2"}],"replies":[{"embeddable":true,"href":"https:\/\/www.europesays.com\/pt\/wp-json\/wp\/v2\/comments?post=209878"}],"version-history":[{"count":0,"href":"https:\/\/www.europesays.com\/pt\/wp-json\/wp\/v2\/posts\/209878\/revisions"}],"wp:featuredmedia":[{"embeddable":true,"href":"https:\/\/www.europesays.com\/pt\/wp-json\/wp\/v2\/media\/209879"}],"wp:attachment":[{"href":"https:\/\/www.europesays.com\/pt\/wp-json\/wp\/v2\/media?parent=209878"}],"wp:term":[{"taxonomy":"category","embeddable":true,"href":"https:\/\/www.europesays.com\/pt\/wp-json\/wp\/v2\/categories?post=209878"},{"taxonomy":"post_tag","embeddable":true,"href":"https:\/\/www.europesays.com\/pt\/wp-json\/wp\/v2\/tags?post=209878"}],"curies":[{"name":"wp","href":"https:\/\/api.w.org\/{rel}","templated":true}]}}