{"id":209886,"date":"2026-01-01T00:13:16","date_gmt":"2026-01-01T00:13:16","guid":{"rendered":"https:\/\/www.europesays.com\/pt\/209886\/"},"modified":"2026-01-01T00:13:16","modified_gmt":"2026-01-01T00:13:16","slug":"liga-arbitro-do-derbi-dos-bes-nomeado-para-o-gil-vicente-sporting","status":"publish","type":"post","link":"https:\/\/www.europesays.com\/pt\/209886\/","title":{"rendered":"Liga: \u00e1rbitro do d\u00e9rbi dos b\u00eas nomeado para o Gil Vicente-Sporting"},"content":{"rendered":"<p>O Conselho de Arbitragem da FPF divulgou a lista das equipas de arbitragem e VAR para os encontros da 17.\u00aa jornada da Liga, que se jogam de 2 a 4 de janeiro.<\/p>\n<p>Gustavo Correia, \u00e1rbitro que esteve recentemente no Benfica B-Sporting B (1-0), partida que teve dois jogadores dos le\u00f5es expulsos, vai dirigir o Gil Vicente-Sporting (2 de janeiro).<\/p>\n<p>O Benfica-Estoril ser\u00e1 dirigido por Anzhony Rodrigues (3 de janeiro), enquanto Cl\u00e1udio Pereira foi o \u00e1rbitro nomeado para o Santa Clara-FC Porto (4 de janeiro).<\/p>\n<p><strong>Gil Vicente-Sporting<\/strong><\/p>\n<p>\u00c1rbitro: Gustavo Correia<\/p>\n<p>Assistentes: F\u00e1bio Silva e Jorge Fernandes<\/p>\n<p>4.\u00ba \u00e1rbitro: Fl\u00e1vio Jesus<\/p>\n<p>VAR: Vasco Santos<\/p>\n<p>AVAR: Paulo Miranda<\/p>\n<p><strong>Vit\u00f3ria-Nacional<\/strong><\/p>\n<p>\u00c1rbitro: Andr\u00e9 Narciso<\/p>\n<p>Assistentes: Vasco Marques e Andr\u00e9 Botelho<\/p>\n<p>4.\u00ba \u00e1rbitro: Marcos Braz\u00e3o<\/p>\n<p>VAR: Lu\u00eds Ferreira<\/p>\n<p>AVAR: Valdemar Maia<\/p>\n<p><strong>Tondela-Arouca<\/strong><\/p>\n<p>\u00c1rbitro: Jo\u00e3o Gon\u00e7alves<\/p>\n<p>Assistentes: Pedro Ribeiro e \u00c2ngelo Carneiro<\/p>\n<p>4.\u00ba \u00e1rbitro: Bruno Costa<\/p>\n<p>VAR: Joao Casegas<\/p>\n<p>AVAR: Marco Vieira<\/p>\n<p><strong>Benfica-Estoril<\/strong><\/p>\n<p>\u00c1rbitro: Anzhony Rodrigues<\/p>\n<p>Assistentes: Andreia Sousa e David Soares<\/p>\n<p>4.\u00ba \u00e1rbitro: Fl\u00e1vio Duarte<\/p>\n<p>VAR: Paulo Barradas<\/p>\n<p>AVAR: Rui Cidade<\/p>\n<p><strong>Estrela-Sp. Braga<\/strong><\/p>\n<p>\u00c1rbitro: H\u00e9lder Carvalho<\/p>\n<p>Assistentes: Jos\u00e9 Mira e Alexandre Ferreira<\/p>\n<p>4.\u00ba \u00e1rbitro: Fl\u00e1vio Lima<\/p>\n<p>VAR: Ant\u00f3nio Moreira<\/p>\n<p>AVAR: Pedro Sancho<\/p>\n<p><strong>AVS-Moreirense\u00a0<\/strong><\/p>\n<p>\u00c1rbitro: Miguel Fonseca<\/p>\n<p>Assistentes: Jo\u00e3o Martins e Lu\u00eds Costa<\/p>\n<p>4.\u00ba \u00e1rbitro: F\u00e1bio Melo<\/p>\n<p>VAR: Manuel Mota<\/p>\n<p>AVAR: \u00c1lvaro Mesquita<\/p>\n<p><strong>Rio Ave-Casa Pia<\/strong><\/p>\n<p>\u00c1rbitro: Iancu Vasilica<\/p>\n<p>Assistentes: Jos\u00e9 Pereira e Hugo Santos<\/p>\n<p>4.\u00ba \u00e1rbitro: S\u00e9rgio Guelho<\/p>\n<p>VAR: Tiago Martins<\/p>\n<p>AVAR: Ricardo Luz<\/p>\n<p><strong>Santa Clara-FC Porto<\/strong><\/p>\n<p>\u00c1rbitro: Cl\u00e1udio Pereira<\/p>\n<p>Assistentes: Tiago Costa e S\u00e9rgio Jesus<\/p>\n<p>4.\u00ba \u00e1rbitro: V\u00edtor Lopes<\/p>\n<p>VAR: Rui Costa<\/p>\n<p>AVAR: Miguel Martins<\/p>\n<p><strong>Alverca-Famalic\u00e3o<\/strong><\/p>\n<p>\u00c1rbitro: Diogo Rosa<\/p>\n<p>Assistentes: Hugo Coimbra e Renato Carvalho<\/p>\n<p>4.\u00ba \u00e1rbitro: Ricardo Baixinho<\/p>\n<p>VAR: Jo\u00e3o Bento<\/p>\n<p>AVAR: Pedro Sousa<\/p>\n","protected":false},"excerpt":{"rendered":"O Conselho de Arbitragem da FPF divulgou a lista das equipas de arbitragem e VAR para os encontros&hellip;\n","protected":false},"author":2,"featured_media":148222,"comment_status":"","ping_status":"","sticky":false,"template":"","format":"standard","meta":{"footnotes":""},"categories":[8],"tags":[12416,27,28,15,16,14,25,26,36,21,22,46,12,41201,13,19,20,32,23,24,33,47,17,18,29,30,31],"class_list":{"0":"post-209886","1":"post","2":"type-post","3":"status-publish","4":"format-standard","5":"has-post-thumbnail","7":"category-principais-noticias","8":"tag-arbitros","9":"tag-breaking-news","10":"tag-breakingnews","11":"tag-featured-news","12":"tag-featurednews","13":"tag-headlines","14":"tag-latest-news","15":"tag-latestnews","16":"tag-liga","17":"tag-main-news","18":"tag-mainnews","19":"tag-maisfutebol","20":"tag-news","21":"tag-nomeacoes-arbitros","22":"tag-noticias","23":"tag-noticias-principais","24":"tag-noticiasprincipais","25":"tag-portugal","26":"tag-principais-noticias","27":"tag-principaisnoticias","28":"tag-pt","29":"tag-pura-paixao","30":"tag-top-stories","31":"tag-topstories","32":"tag-ultimas","33":"tag-ultimas-noticias","34":"tag-ultimasnoticias"},"share_on_mastodon":{"url":"https:\/\/pubeurope.com\/@pt\/115816956119774596","error":""},"_links":{"self":[{"href":"https:\/\/www.europesays.com\/pt\/wp-json\/wp\/v2\/posts\/209886","targetHints":{"allow":["GET"]}}],"collection":[{"href":"https:\/\/www.europesays.com\/pt\/wp-json\/wp\/v2\/posts"}],"about":[{"href":"https:\/\/www.europesays.com\/pt\/wp-json\/wp\/v2\/types\/post"}],"author":[{"embeddable":true,"href":"https:\/\/www.europesays.com\/pt\/wp-json\/wp\/v2\/users\/2"}],"replies":[{"embeddable":true,"href":"https:\/\/www.europesays.com\/pt\/wp-json\/wp\/v2\/comments?post=209886"}],"version-history":[{"count":0,"href":"https:\/\/www.europesays.com\/pt\/wp-json\/wp\/v2\/posts\/209886\/revisions"}],"wp:featuredmedia":[{"embeddable":true,"href":"https:\/\/www.europesays.com\/pt\/wp-json\/wp\/v2\/media\/148222"}],"wp:attachment":[{"href":"https:\/\/www.europesays.com\/pt\/wp-json\/wp\/v2\/media?parent=209886"}],"wp:term":[{"taxonomy":"category","embeddable":true,"href":"https:\/\/www.europesays.com\/pt\/wp-json\/wp\/v2\/categories?post=209886"},{"taxonomy":"post_tag","embeddable":true,"href":"https:\/\/www.europesays.com\/pt\/wp-json\/wp\/v2\/tags?post=209886"}],"curies":[{"name":"wp","href":"https:\/\/api.w.org\/{rel}","templated":true}]}}