{"id":209914,"date":"2026-01-01T00:40:12","date_gmt":"2026-01-01T00:40:12","guid":{"rendered":"https:\/\/www.europesays.com\/pt\/209914\/"},"modified":"2026-01-01T00:40:12","modified_gmt":"2026-01-01T00:40:12","slug":"incendio-com-origem-em-maquina-de-lavar-louca-alastra-a-produtos-inflamaveis-na-trofa","status":"publish","type":"post","link":"https:\/\/www.europesays.com\/pt\/209914\/","title":{"rendered":"Inc\u00eandio com origem em m\u00e1quina de lavar lou\u00e7a alastra a produtos inflam\u00e1veis na Trofa"},"content":{"rendered":"<p data-remotead-prev-elm=\"true\" data-remotead-elm-id=\"inread\">O alerta foi dado pelas 16.15 horas, e para o local foram mobilizados sete operacionais dos bombeiros, apoiados por tr\u00eas viaturas, al\u00e9m da GNR.<\/p>\n<p>Ao JN, Rui Ferreira, adjunto do Comando dos Bombeiros Volunt\u00e1rios da Trofa, referiu que o fogo teve origem numa m\u00e1quina de lavar lou\u00e7a, na cozinha. No entanto, as chamas alastraram a um arm\u00e1rio onde se encontravam produtos de limpeza, o que agravou o inc\u00eandio, dado tratar-se de mat\u00e9rias inflam\u00e1veis.<\/p>\n<p>Apesar do susto, o fogo n\u00e3o alastrou a outras \u00e1reas da habita\u00e7\u00e3o, sendo que os moradores ter\u00e3o de passar a noite em casa de familiares por precau\u00e7\u00e3o, devido ao fumo que se gerou.<\/p>\n","protected":false},"excerpt":{"rendered":"O alerta foi dado pelas 16.15 horas, e para o local foram mobilizados sete operacionais dos bombeiros, apoiados&hellip;\n","protected":false},"author":2,"featured_media":209915,"comment_status":"","ping_status":"","sticky":false,"template":"","format":"standard","meta":{"footnotes":""},"categories":[10],"tags":[35907,27,28,21351,15,16,14,625,25,26,21,22,12,13,19,20,32,23,24,33,17,18,29,30,31],"class_list":{"0":"post-209914","1":"post","2":"type-post","3":"status-publish","4":"format-standard","5":"has-post-thumbnail","7":"category-portugal","8":"tag-bombeiros-voluntarios-da-trofa","9":"tag-breaking-news","10":"tag-breakingnews","11":"tag-concelho-trofa","12":"tag-featured-news","13":"tag-featurednews","14":"tag-headlines","15":"tag-incendio","16":"tag-latest-news","17":"tag-latestnews","18":"tag-main-news","19":"tag-mainnews","20":"tag-news","21":"tag-noticias","22":"tag-noticias-principais","23":"tag-noticiasprincipais","24":"tag-portugal","25":"tag-principais-noticias","26":"tag-principaisnoticias","27":"tag-pt","28":"tag-top-stories","29":"tag-topstories","30":"tag-ultimas","31":"tag-ultimas-noticias","32":"tag-ultimasnoticias"},"share_on_mastodon":{"url":"https:\/\/pubeurope.com\/@pt\/115817062297191267","error":""},"_links":{"self":[{"href":"https:\/\/www.europesays.com\/pt\/wp-json\/wp\/v2\/posts\/209914","targetHints":{"allow":["GET"]}}],"collection":[{"href":"https:\/\/www.europesays.com\/pt\/wp-json\/wp\/v2\/posts"}],"about":[{"href":"https:\/\/www.europesays.com\/pt\/wp-json\/wp\/v2\/types\/post"}],"author":[{"embeddable":true,"href":"https:\/\/www.europesays.com\/pt\/wp-json\/wp\/v2\/users\/2"}],"replies":[{"embeddable":true,"href":"https:\/\/www.europesays.com\/pt\/wp-json\/wp\/v2\/comments?post=209914"}],"version-history":[{"count":0,"href":"https:\/\/www.europesays.com\/pt\/wp-json\/wp\/v2\/posts\/209914\/revisions"}],"wp:featuredmedia":[{"embeddable":true,"href":"https:\/\/www.europesays.com\/pt\/wp-json\/wp\/v2\/media\/209915"}],"wp:attachment":[{"href":"https:\/\/www.europesays.com\/pt\/wp-json\/wp\/v2\/media?parent=209914"}],"wp:term":[{"taxonomy":"category","embeddable":true,"href":"https:\/\/www.europesays.com\/pt\/wp-json\/wp\/v2\/categories?post=209914"},{"taxonomy":"post_tag","embeddable":true,"href":"https:\/\/www.europesays.com\/pt\/wp-json\/wp\/v2\/tags?post=209914"}],"curies":[{"name":"wp","href":"https:\/\/api.w.org\/{rel}","templated":true}]}}