{"id":209946,"date":"2026-01-01T01:08:11","date_gmt":"2026-01-01T01:08:11","guid":{"rendered":"https:\/\/www.europesays.com\/pt\/209946\/"},"modified":"2026-01-01T01:08:11","modified_gmt":"2026-01-01T01:08:11","slug":"venezuela-prende-varios-americanos-sob-pressao-de-trump-observador","status":"publish","type":"post","link":"https:\/\/www.europesays.com\/pt\/209946\/","title":{"rendered":"Venezuela prende &#8220;v\u00e1rios&#8221; americanos sob press\u00e3o de Trump \u2013 Observador"},"content":{"rendered":"<p>V\u00e1rios cidad\u00e3os norte-americanos j\u00e1 foram presos por for\u00e7as de seguran\u00e7a venezuelanas desde o in\u00edcio da press\u00e3o militar e econ\u00f3mica dos Estados Unidos da Am\u00e9rica sobre a Venezuela,<a href=\"https:\/\/www.nytimes.com\/2025\/12\/31\/world\/americas\/venezuela-detained-americans.html\" target=\"_blank\" rel=\"noopener nofollow\"> avan\u00e7a uma fonte do Governo norte-americano ao New York Times<\/a>, apontando que <strong>pelo menos duas pessoas ter\u00e3o sido detidas ilegitimamente<\/strong>.<\/p>\n<p>De acordo com a fonte, entre os presos est\u00e3o tr\u00eas cidad\u00e3os com dupla nacionalidade, sendo venezuelanos e norte-americanos, e h\u00e1 ainda dois cidad\u00e3os americanos que n\u00e3o ter\u00e3o la\u00e7os conhecidos com a Venezuela. Alguns dos detidos estar\u00e3o a enfrentar acusa\u00e7\u00f5es criminais leg\u00edtimas, mas o Governo norte-americano estaria a considerar determinar <strong>pelo menos duas pris\u00f5es como injustas.<\/strong><\/p>\n<p>Sem citar n\u00fameros, o funcion\u00e1rio norte-americano afirma que os americanos detidos na Venezuela come\u00e7aram a aumentar novamente no outono, depois de Donald Trump suspender os<a href=\"https:\/\/observador.pt\/2025\/07\/18\/eua-e-venezuela-chegam-a-acordo-para-troca-de-prisioneiros-dez-norte-americanos-e-252-venezuelanos-libertados\/\" target=\"_blank\" rel=\"noopener nofollow\"> acordos de trocas de prisioneiros que estavam a decorrer desde o in\u00edcio do ano<\/a>. Esse aumento coincidiu com a implanta\u00e7\u00e3o de uma ofensiva dos EUA nas Cara\u00edbas e o in\u00edcio de ataques a\u00e9reos contra barcos que Washington diz que transportam drogas sob as ordens de Nicol\u00e1s Maduro.<\/p>\n<p>O jornal diz ainda que a Embaixada dos EUA na Col\u00f4mbia, que lida com assuntos venezuelanos, recusou-se a comentar o caso e encaminhou as perguntas ao Departamento de Estado, que n\u00e3o respondeu aos pedidos de coment\u00e1rio, assim como o Minist\u00e9rio da Comunica\u00e7\u00e3o da Venezuela.<\/p>\n<p>As identidades da maioria dos americanos detidos na Venezuela nos \u00faltimos meses s\u00e3o desconhecidas, mas o jornal traz relatos de familiares de desaparecidos que acreditam que os seus entes queridos estar\u00e3o em pris\u00f5es venezuelanas. \u00c9 o caso de James Luckey-Lange, de 28 anos, um viajante que cruzou a fronteira sul da Venezuela no in\u00edcio de dezembro, e de acordo com o funcion\u00e1rio do Governo, ser\u00e1 um dos detidos recentemente. Luckey-Lange escreveu no seu blog no in\u00edcio de dezembro que estava a fazer pesquisas sobre minera\u00e7\u00e3o de ouro na regi\u00e3o amaz\u00f3nica da Guiana, que faz fronteira com a Venezuela. A 7 de dezembro,escreveu a um amigo que estava num local n\u00e3o especificado na Venezuela, e falou pela \u00faltima vez com a sua fam\u00edlia no dia seguinte, revelando que estava a caminho de Caracas, onde planeava apanhar um voo, no dia 12 de dezembro, para Nova Iorque.<\/p>\n<p>Outros americanos que foram libertados recentemente relatam abusos dentro das pris\u00f5es venezuelanas, como agress\u00f5es e condi\u00e7\u00f5es insalubres. O peruano-americano Renzo Huamanchumo Castillo alega ter sido espancado e <strong>obrigado a beber um litro de \u00e1gua lamacenta<\/strong> por dia. O homem foi libertado em julho, numa troca de dez cidad\u00e3os norte-americanos por 252 venezuelanos que se encontravam presos no Centro de Confinamento do Terrorismo (CECOT). Outro americano libertado foi Wilbert Joseph Castaneda, um antigo fuzileiro que foi detido no ano passado quando se encontrava na Venezuela numa viagem pessoal. \u201cRez\u00e1mos por este dia durante quase um ano\u201d, disse a fam\u00edlia de Castaneda num comunicado <a href=\"https:\/\/www.cbsnews.com\/news\/prisoner-swap-us-venezuela-el-salvador\/\" target=\"_blank\" rel=\"noopener nofollow\">citado pela CBS<\/a>. \u201cO meu irm\u00e3o \u00e9 um homem inocente que foi usado como um pe\u00e3o pol\u00edtico pelo regime de Maduro.\u201d<\/p>\n<p>Num balan\u00e7o publicado no in\u00edcio de dezembro, a organiza\u00e7\u00e3o n\u00e3o-governamental (ONG) F\u00f3rum Penal (FP) divulgou que a Venezuela tinha 902 pessoas detidas por motivos pol\u00edticos, sendo 86 de nacionalidade estrangeira. Contudo, no Natal, <a href=\"https:\/\/observador.pt\/2025\/12\/25\/governo-venezuelano-tera-libertado-71-pessoas-que-tinham-sido-presas-depois-das-presidenciais\/\" target=\"_blank\" rel=\"noopener nofollow\">71 pessoas que tinham sido presas depois das elei\u00e7\u00f5es presidenciais de 2024 ter\u00e3o sido libertadas.<\/a><\/p>\n","protected":false},"excerpt":{"rendered":"V\u00e1rios cidad\u00e3os norte-americanos j\u00e1 foram presos por for\u00e7as de seguran\u00e7a venezuelanas desde o in\u00edcio da press\u00e3o militar e&hellip;\n","protected":false},"author":2,"featured_media":209947,"comment_status":"","ping_status":"","sticky":false,"template":"","format":"standard","meta":{"footnotes":""},"categories":[50],"tags":[624,27,28,623,15,16,14,25,26,21,22,62,12,13,19,20,23,24,17,18,29,30,31,3023,63,64,65],"class_list":{"0":"post-209946","1":"post","2":"type-post","3":"status-publish","4":"format-standard","5":"has-post-thumbnail","7":"category-mundo","8":"tag-amu00e9rica","9":"tag-breaking-news","10":"tag-breakingnews","11":"tag-estados-unidos-da-amu00e9rica","12":"tag-featured-news","13":"tag-featurednews","14":"tag-headlines","15":"tag-latest-news","16":"tag-latestnews","17":"tag-main-news","18":"tag-mainnews","19":"tag-mundo","20":"tag-news","21":"tag-noticias","22":"tag-noticias-principais","23":"tag-noticiasprincipais","24":"tag-principais-noticias","25":"tag-principaisnoticias","26":"tag-top-stories","27":"tag-topstories","28":"tag-ultimas","29":"tag-ultimas-noticias","30":"tag-ultimasnoticias","31":"tag-venezuela","32":"tag-world","33":"tag-world-news","34":"tag-worldnews"},"share_on_mastodon":{"url":"https:\/\/pubeurope.com\/@pt\/115817172352575550","error":""},"_links":{"self":[{"href":"https:\/\/www.europesays.com\/pt\/wp-json\/wp\/v2\/posts\/209946","targetHints":{"allow":["GET"]}}],"collection":[{"href":"https:\/\/www.europesays.com\/pt\/wp-json\/wp\/v2\/posts"}],"about":[{"href":"https:\/\/www.europesays.com\/pt\/wp-json\/wp\/v2\/types\/post"}],"author":[{"embeddable":true,"href":"https:\/\/www.europesays.com\/pt\/wp-json\/wp\/v2\/users\/2"}],"replies":[{"embeddable":true,"href":"https:\/\/www.europesays.com\/pt\/wp-json\/wp\/v2\/comments?post=209946"}],"version-history":[{"count":0,"href":"https:\/\/www.europesays.com\/pt\/wp-json\/wp\/v2\/posts\/209946\/revisions"}],"wp:featuredmedia":[{"embeddable":true,"href":"https:\/\/www.europesays.com\/pt\/wp-json\/wp\/v2\/media\/209947"}],"wp:attachment":[{"href":"https:\/\/www.europesays.com\/pt\/wp-json\/wp\/v2\/media?parent=209946"}],"wp:term":[{"taxonomy":"category","embeddable":true,"href":"https:\/\/www.europesays.com\/pt\/wp-json\/wp\/v2\/categories?post=209946"},{"taxonomy":"post_tag","embeddable":true,"href":"https:\/\/www.europesays.com\/pt\/wp-json\/wp\/v2\/tags?post=209946"}],"curies":[{"name":"wp","href":"https:\/\/api.w.org\/{rel}","templated":true}]}}