{"id":209950,"date":"2026-01-01T01:12:09","date_gmt":"2026-01-01T01:12:09","guid":{"rendered":"https:\/\/www.europesays.com\/pt\/209950\/"},"modified":"2026-01-01T01:12:09","modified_gmt":"2026-01-01T01:12:09","slug":"dinarte-conclui-2025-com-varios-trabalhos-em-retrato-realista","status":"publish","type":"post","link":"https:\/\/www.europesays.com\/pt\/209950\/","title":{"rendered":"Din&#8217;ARTE conclui 2025 com v\u00e1rios trabalhos em retrato realista"},"content":{"rendered":"<p id=\"block-1\">O artista machiquense Din&#8217;ARTE terminou o ano de 2025 com a realiza\u00e7\u00e3o de v\u00e1rias obras de retrato realista a carv\u00e3o, trabalho que tem vindo a desenvolver de forma consistente ao longo dos \u00faltimos anos.<\/p>\n<p id=\"block-2\">Durante este ano, segundo uma nota, o artista foi solicitado sobretudo para a execu\u00e7\u00e3o de retratos de car\u00e1cter familiar, incluindo a representa\u00e7\u00e3o de momentos marcantes na vida dos retratados. <\/p>\n<p id=\"block-3\">O per\u00edodo ficou ainda marcado pelo aprofundamento da t\u00e9cnica realista utilizada pelo artista, num processo de evolu\u00e7\u00e3o cont\u00ednua do seu trabalho. A procura pelos seus retratos estendeu-se a diferentes contextos familiares, dentro e fora da Regi\u00e3o.<\/p>\n<p id=\"block-4\">Para o pr\u00f3ximo ano, Din&#8217;ARTE tem j\u00e1 a agenda de trabalhos preenchida at\u00e9 ao m\u00eas de Agosto.<\/p>\n","protected":false},"excerpt":{"rendered":"O artista machiquense Din&#8217;ARTE terminou o ano de 2025 com a realiza\u00e7\u00e3o de v\u00e1rias obras de retrato realista&hellip;\n","protected":false},"author":2,"featured_media":209951,"comment_status":"","ping_status":"","sticky":false,"template":"","format":"standard","meta":{"footnotes":""},"categories":[144],"tags":[207,205,206,203,201,202,204,114,115,32,33],"class_list":{"0":"post-209950","1":"post","2":"type-post","3":"status-publish","4":"format-standard","5":"has-post-thumbnail","7":"category-arte-e-design","8":"tag-arte","9":"tag-arte-e-design","10":"tag-artedesign","11":"tag-arts","12":"tag-arts-and-design","13":"tag-artsanddesign","14":"tag-design","15":"tag-entertainment","16":"tag-entretenimento","17":"tag-portugal","18":"tag-pt"},"share_on_mastodon":{"url":"https:\/\/pubeurope.com\/@pt\/115817188063405199","error":""},"_links":{"self":[{"href":"https:\/\/www.europesays.com\/pt\/wp-json\/wp\/v2\/posts\/209950","targetHints":{"allow":["GET"]}}],"collection":[{"href":"https:\/\/www.europesays.com\/pt\/wp-json\/wp\/v2\/posts"}],"about":[{"href":"https:\/\/www.europesays.com\/pt\/wp-json\/wp\/v2\/types\/post"}],"author":[{"embeddable":true,"href":"https:\/\/www.europesays.com\/pt\/wp-json\/wp\/v2\/users\/2"}],"replies":[{"embeddable":true,"href":"https:\/\/www.europesays.com\/pt\/wp-json\/wp\/v2\/comments?post=209950"}],"version-history":[{"count":0,"href":"https:\/\/www.europesays.com\/pt\/wp-json\/wp\/v2\/posts\/209950\/revisions"}],"wp:featuredmedia":[{"embeddable":true,"href":"https:\/\/www.europesays.com\/pt\/wp-json\/wp\/v2\/media\/209951"}],"wp:attachment":[{"href":"https:\/\/www.europesays.com\/pt\/wp-json\/wp\/v2\/media?parent=209950"}],"wp:term":[{"taxonomy":"category","embeddable":true,"href":"https:\/\/www.europesays.com\/pt\/wp-json\/wp\/v2\/categories?post=209950"},{"taxonomy":"post_tag","embeddable":true,"href":"https:\/\/www.europesays.com\/pt\/wp-json\/wp\/v2\/tags?post=209950"}],"curies":[{"name":"wp","href":"https:\/\/api.w.org\/{rel}","templated":true}]}}