{"id":209982,"date":"2026-01-01T01:44:18","date_gmt":"2026-01-01T01:44:18","guid":{"rendered":"https:\/\/www.europesays.com\/pt\/209982\/"},"modified":"2026-01-01T01:44:18","modified_gmt":"2026-01-01T01:44:18","slug":"mal-virou-as-costas-cristina-ferreira-ve-concorrentes-do-secret-story-ignorarem-o-seu-pedido-dois-as-10","status":"publish","type":"post","link":"https:\/\/www.europesays.com\/pt\/209982\/","title":{"rendered":"Mal virou as costas, Cristina Ferreira v\u00ea concorrentes do Secret Story ignorarem o seu pedido &#8211; Dois \u00e0s 10"},"content":{"rendered":"<p>                        O ambiente devia ser de festa por serem todos finalistas, mas parece bem longe disso.<\/p>\n<p data-end=\"470\" data-start=\"196\">Cristina Ferreira visitou a casa do Secret Story esta segunda-feira, dia 29, apanhando os finalistas completamente de surpresa. A entrada da apresentadora deixou os concorrentes em \u00eaxtase e trouxe um sopro de realidade aos \u00faltimos dias dentro da casa mais vigiada do pa\u00eds.<\/p>\n<p data-end=\"791\" data-start=\"472\">Al\u00e9m da boa disposi\u00e7\u00e3o, Cristina levou not\u00edcias do mundo dos \u00faltimos tr\u00eas meses, mensagens carinhosas de ex-concorrentes e ainda uma surpresa muito pr\u00e1tica: pizzas para o jantar. Um momento de descontra\u00e7\u00e3o que quebrou a rotina e arrancou sorrisos aos finalistas, j\u00e1 a viverem a contagem decrescente para a grande final.<\/p>\n<p data-end=\"1104\" data-start=\"793\">Antes de sair, a apresentadora quis sentir o estado emocional de cada um em rela\u00e7\u00e3o \u00e0 final e deixou um pedido simples, mas sentido: <strong>\u00abAproveitem\u00bb<\/strong>. Cristina recordou ainda que faltam apenas dois dias para o fim da experi\u00eancia, sublinhando a import\u00e2ncia de viverem intensamente os \u00faltimos momentos dentro da casa.<\/p>\n<p data-end=\"1330\" data-start=\"1106\">No entanto, a tranquilidade n\u00e3o durou muito tempo. J\u00e1 sem Cristina Ferreira, e durante o jantar, os \u00e2nimos voltaram a aquecer. Fi\u00e9is \u00e0 fama de protagonizarem discuss\u00f5es, os concorrentes envolveram-se novamente em confrontos.<\/p>\n<p data-end=\"1583\" data-start=\"1332\">Pedro Jorge acabou por se levantar da mesa ap\u00f3s uma discuss\u00e3o com a mulher, Marisa, e com Liliana, optando por levar o prato e comer no quarto \u2014 um gesto que n\u00e3o passou despercebido e que voltou a evidenciar as tens\u00f5es que marcam a reta final do jogo.<\/p>\n<p data-end=\"1746\" data-start=\"1585\">Entre surpresas, conselhos e conflitos, a visita de Cristina Ferreira mostrou que, mesmo a dois dias da final, o Secret Story continua longe de ser previs\u00edvel.<\/p>\n","protected":false},"excerpt":{"rendered":"O ambiente devia ser de festa por serem todos finalistas, mas parece bem longe disso. Cristina Ferreira visitou&hellip;\n","protected":false},"author":2,"featured_media":209983,"comment_status":"","ping_status":"","sticky":false,"template":"","format":"standard","meta":{"footnotes":""},"categories":[142],"tags":[329,166,3412,3406,3409,801,3410,3411,3407,3408,114,115,15353,19016,3413,338,19184,21416,32,33,1315,151],"class_list":{"0":"post-209982","1":"post","2":"type-post","3":"status-publish","4":"format-standard","5":"has-post-thumbnail","7":"category-tv","8":"tag-claudio-ramos","9":"tag-cristina-ferreira","10":"tag-dois-10","11":"tag-dois-a-s-10-dois-a-s-10","12":"tag-dois-a-s-dez","13":"tag-dois-as-10","14":"tag-dois-as-dez","15":"tag-dois-dez","16":"tag-doisas10","17":"tag-doisasdez","18":"tag-entertainment","19":"tag-entretenimento","20":"tag-ines","21":"tag-liliana","22":"tag-manha-tvi","23":"tag-maria-botelho-moniz","24":"tag-marisa","25":"tag-pedro-jorge","26":"tag-portugal","27":"tag-pt","28":"tag-secret-story","29":"tag-tv"},"share_on_mastodon":{"url":"https:\/\/pubeurope.com\/@pt\/115817313900367228","error":""},"_links":{"self":[{"href":"https:\/\/www.europesays.com\/pt\/wp-json\/wp\/v2\/posts\/209982","targetHints":{"allow":["GET"]}}],"collection":[{"href":"https:\/\/www.europesays.com\/pt\/wp-json\/wp\/v2\/posts"}],"about":[{"href":"https:\/\/www.europesays.com\/pt\/wp-json\/wp\/v2\/types\/post"}],"author":[{"embeddable":true,"href":"https:\/\/www.europesays.com\/pt\/wp-json\/wp\/v2\/users\/2"}],"replies":[{"embeddable":true,"href":"https:\/\/www.europesays.com\/pt\/wp-json\/wp\/v2\/comments?post=209982"}],"version-history":[{"count":0,"href":"https:\/\/www.europesays.com\/pt\/wp-json\/wp\/v2\/posts\/209982\/revisions"}],"wp:featuredmedia":[{"embeddable":true,"href":"https:\/\/www.europesays.com\/pt\/wp-json\/wp\/v2\/media\/209983"}],"wp:attachment":[{"href":"https:\/\/www.europesays.com\/pt\/wp-json\/wp\/v2\/media?parent=209982"}],"wp:term":[{"taxonomy":"category","embeddable":true,"href":"https:\/\/www.europesays.com\/pt\/wp-json\/wp\/v2\/categories?post=209982"},{"taxonomy":"post_tag","embeddable":true,"href":"https:\/\/www.europesays.com\/pt\/wp-json\/wp\/v2\/tags?post=209982"}],"curies":[{"name":"wp","href":"https:\/\/api.w.org\/{rel}","templated":true}]}}