{"id":209988,"date":"2026-01-01T01:48:47","date_gmt":"2026-01-01T01:48:47","guid":{"rendered":"https:\/\/www.europesays.com\/pt\/209988\/"},"modified":"2026-01-01T01:48:47","modified_gmt":"2026-01-01T01:48:47","slug":"pesquisa-relaciona-consumo-de-queijo-a-saude-cognitiva","status":"publish","type":"post","link":"https:\/\/www.europesays.com\/pt\/209988\/","title":{"rendered":"Pesquisa relaciona consumo de queijo \u00e0 sa\u00fade cognitiva"},"content":{"rendered":"<p>Entenda a pesquisa que relaciona o consumo de queijos ricos em gordura \u00e0 melhora na sa\u00fade cognitiva.<\/p>\n<p>Um novo estudo cient\u00edfico sugere que o consumo regular de queijos com alto teor de gordura pode estar associado a <strong><a href=\"https:\/\/selecoes.ig.com.br\/saude\/conheca-as-atividades-que-ajudam-a-manter-o-cerebro-jovem-segundo-estudo\/\" rel=\"nofollow noopener\" target=\"_blank\">melhor sa\u00fade cognitiva<\/a><\/strong> ao longo da vida, indicando uma poss\u00edvel redu\u00e7\u00e3o no risco de desenvolver dem\u00eancia em idosos.\u00a0<\/p>\n<p>Entenda a pesquisa<\/p>\n<p>O ensaio cient\u00edfico, publicado na revista Neurology, acompanhou milhares de adultos por mais de duas d\u00e9cadas e levantou hip\u00f3teses in\u00e9ditas sobre a rela\u00e7\u00e3o entre alimenta\u00e7\u00e3o e fun\u00e7\u00e3o cerebral na velhice.\u00a0<\/p>\n<p>A investiga\u00e7\u00e3o envolveu 27.670 adultos entre 45 e 73 anos, acompanhados por 25 anos na Su\u00e9cia, com o objetivo de observar como padr\u00f5es alimentares de longo prazo poderiam influenciar a incid\u00eancia de dem\u00eancia, um termo que engloba diferentes condi\u00e7\u00f5es neurodegenerativas que comprometem mem\u00f3ria, racioc\u00ednio e outras fun\u00e7\u00f5es cognitivas.\u00a0<\/p>\n<p>Os resultados mostraram que participantes que consumiam mais de 50 gramas por dia de queijos com mais de 20% de gordura, como cheddar, brie, gouda e parmes\u00e3o, tiveram 13% menos risco de desenvolver dem\u00eancia ao longo do per\u00edodo estudado em compara\u00e7\u00e3o com aqueles que ingeriam menos de 15 gramas di\u00e1rias.\u00a0<\/p>\n<p>A redu\u00e7\u00e3o foi ainda mais acentuada em casos de dem\u00eancia vascular, com 29% menos ocorr\u00eancias entre os que consumiam queijo gorduroso regularmente. O estudo tamb\u00e9m observou que o consumo di\u00e1rio de creme com alto teor de gordura (pelo menos 20 gramas por dia, ou cerca de uma colher e meia de sopa) estava associado a uma redu\u00e7\u00e3o de cerca de 16% no risco de dem\u00eancia em rela\u00e7\u00e3o a quem n\u00e3o consumia esse tipo de produto.\u00a0<\/p>\n<p>Importante destacar que outras categorias de latic\u00ednios, como queijo magro, leite integral ou desnatado, manteiga e produtos fermentados como iogurte e kefir, n\u00e3o apresentaram associa\u00e7\u00e3o clara com a diminui\u00e7\u00e3o do risco de desenvolver dem\u00eancia no longo prazo.\u00a0<\/p>\n<p><strong>Isso sugere que nem todos os derivados do leite t\u00eam o mesmo impacto sobre a sa\u00fade cerebral.<\/strong><\/p>\n<p>Os cientistas envolvidos no estudo ressaltam que os resultados mostram uma associa\u00e7\u00e3o observacional, e n\u00e3o uma rela\u00e7\u00e3o de causa e efeito. Em outras palavras, embora o consumo de queijos gordurosos tenha sido ligado a um menor risco de dem\u00eancia, n\u00e3o h\u00e1 evid\u00eancias de que ele seja o fator direto respons\u00e1vel pela prote\u00e7\u00e3o, e outros h\u00e1bitos de vida saud\u00e1veis podem ter influenciado os resultados.<\/p>\n<p>Se voc\u00ea se interessa por sa\u00fade e ci\u00eancia com impactos no cotidiano, a revista Sele\u00e7\u00f5es traz reportagens confi\u00e1veis e completas mensalmente. <strong><a href=\"https:\/\/assine.selecoes.com.br\/ofertaanual\/?mktcode=KRSL00\" rel=\"nofollow noopener\" target=\"_blank\">Assine<\/a><\/strong> a vers\u00e3o impressa e receba esses conte\u00fados de qualidade.<\/p>\n","protected":false},"excerpt":{"rendered":"Entenda a pesquisa que relaciona o consumo de queijos ricos em gordura \u00e0 melhora na sa\u00fade cognitiva. Um&hellip;\n","protected":false},"author":2,"featured_media":209989,"comment_status":"","ping_status":"","sticky":false,"template":"","format":"standard","meta":{"footnotes":""},"categories":[86],"tags":[2369,116,32,33,28083,117,13464],"class_list":{"0":"post-209988","1":"post","2":"type-post","3":"status-publish","4":"format-standard","5":"has-post-thumbnail","7":"category-saude","8":"tag-alimentacao","9":"tag-health","10":"tag-portugal","11":"tag-pt","12":"tag-queijo","13":"tag-saude","14":"tag-saude-cognitiva"},"share_on_mastodon":{"url":"https:\/\/pubeurope.com\/@pt\/115817333599342118","error":""},"_links":{"self":[{"href":"https:\/\/www.europesays.com\/pt\/wp-json\/wp\/v2\/posts\/209988","targetHints":{"allow":["GET"]}}],"collection":[{"href":"https:\/\/www.europesays.com\/pt\/wp-json\/wp\/v2\/posts"}],"about":[{"href":"https:\/\/www.europesays.com\/pt\/wp-json\/wp\/v2\/types\/post"}],"author":[{"embeddable":true,"href":"https:\/\/www.europesays.com\/pt\/wp-json\/wp\/v2\/users\/2"}],"replies":[{"embeddable":true,"href":"https:\/\/www.europesays.com\/pt\/wp-json\/wp\/v2\/comments?post=209988"}],"version-history":[{"count":0,"href":"https:\/\/www.europesays.com\/pt\/wp-json\/wp\/v2\/posts\/209988\/revisions"}],"wp:featuredmedia":[{"embeddable":true,"href":"https:\/\/www.europesays.com\/pt\/wp-json\/wp\/v2\/media\/209989"}],"wp:attachment":[{"href":"https:\/\/www.europesays.com\/pt\/wp-json\/wp\/v2\/media?parent=209988"}],"wp:term":[{"taxonomy":"category","embeddable":true,"href":"https:\/\/www.europesays.com\/pt\/wp-json\/wp\/v2\/categories?post=209988"},{"taxonomy":"post_tag","embeddable":true,"href":"https:\/\/www.europesays.com\/pt\/wp-json\/wp\/v2\/tags?post=209988"}],"curies":[{"name":"wp","href":"https:\/\/api.w.org\/{rel}","templated":true}]}}