{"id":210025,"date":"2026-01-01T02:30:20","date_gmt":"2026-01-01T02:30:20","guid":{"rendered":"https:\/\/www.europesays.com\/pt\/210025\/"},"modified":"2026-01-01T02:30:20","modified_gmt":"2026-01-01T02:30:20","slug":"cassano-allegri-recusou-e-fechou-completamente-a-porta-ao-regresso-de-thiago-silva-ao-milan","status":"publish","type":"post","link":"https:\/\/www.europesays.com\/pt\/210025\/","title":{"rendered":"Cassano: &#8220;Allegri recusou e fechou completamente a porta ao regresso de Thiago Silva ao Milan&#8221;"},"content":{"rendered":"<p data-remotead-prev-elm=\"true\" data-remotead-elm-id=\"inread\">O experiente central Thiago Silva, de 41 anos, assinou no passado dia 20 de dezembro pelo F. C. Porto um contrato at\u00e9 ao final da temporada, com mais uma de op\u00e7\u00e3o, poucos dias depois de se conhecer que n\u00e3o ir\u00e1 permanecer no Fluminense.<\/p>\n<p>No entanto, Antonio Cassano, antigo jogador do AC Milan e da sele\u00e7\u00e3o italiana, revelou recentemente no podcast &#8220;Viva El Futbol&#8221; que at\u00e9 chegou a ser estudado um regresso do internacional brasileiro ao San Siro, onde jogou de 2009\/10 at\u00e9 2011\/12, mas o neg\u00f3cio acabou por ser vetado pelo t\u00e9cnico dos rossoneri.<\/p>\n<p>&#8220;Thiago Silva podia ter ido para o Milan. Ibrahimovic [conselheiro do clube] tinha dado 100% de aval para o contratar a custo zero, e nem sequer com um sal\u00e1rio elevado. Thiago, como pessoa de alto n\u00edvel que \u00e9, ligou a Allegri, que lhe disse que estava \u00e0 procura de um avan\u00e7ado. Aos adeptos do Milan, quero dizer: o senhor Massimiliano Allegri recusou e fechou completamente a porta ao regresso de Thiago Silva ao Milan&#8221;, come\u00e7ou por dizer o antigo avan\u00e7ado, antes de explicar quais eram os planos para esta segunda passagem pelo hist\u00f3rico italiano.<\/p>\n<p>&#8220;Estava at\u00e9 disposto a fazer de mentor para Gabbia. Podia ter fechado um ciclo, depois de ter sa\u00eddo quando n\u00e3o queria sair. Ele queria regressar, deixando que fosse o Milan a definir o valor. Para lhe responder &#8216;n\u00e3o&#8217;, Allegri teve de enviar mil mensagens. Aos adeptos do Milan digo que Thiago n\u00e3o chegou sobretudo por causa de Allegri, que vetou a sua contrata\u00e7\u00e3o, enquanto Ibrahimovic o queria&#8221;, concluiu.<\/p>\n","protected":false},"excerpt":{"rendered":"O experiente central Thiago Silva, de 41 anos, assinou no passado dia 20 de dezembro pelo F. C.&hellip;\n","protected":false},"author":2,"featured_media":210026,"comment_status":"","ping_status":"","sticky":false,"template":"","format":"standard","meta":{"footnotes":""},"categories":[87],"tags":[7002,135,20558,32,33,134,39129],"class_list":{"0":"post-210025","1":"post","2":"type-post","3":"status-publish","4":"format-standard","5":"has-post-thumbnail","7":"category-desporto","8":"tag-ac-milan","9":"tag-desporto","10":"tag-f-c-porto","11":"tag-portugal","12":"tag-pt","13":"tag-sports","14":"tag-thiago-silva"},"share_on_mastodon":{"url":"https:\/\/pubeurope.com\/@pt\/115817494750811051","error":""},"_links":{"self":[{"href":"https:\/\/www.europesays.com\/pt\/wp-json\/wp\/v2\/posts\/210025","targetHints":{"allow":["GET"]}}],"collection":[{"href":"https:\/\/www.europesays.com\/pt\/wp-json\/wp\/v2\/posts"}],"about":[{"href":"https:\/\/www.europesays.com\/pt\/wp-json\/wp\/v2\/types\/post"}],"author":[{"embeddable":true,"href":"https:\/\/www.europesays.com\/pt\/wp-json\/wp\/v2\/users\/2"}],"replies":[{"embeddable":true,"href":"https:\/\/www.europesays.com\/pt\/wp-json\/wp\/v2\/comments?post=210025"}],"version-history":[{"count":0,"href":"https:\/\/www.europesays.com\/pt\/wp-json\/wp\/v2\/posts\/210025\/revisions"}],"wp:featuredmedia":[{"embeddable":true,"href":"https:\/\/www.europesays.com\/pt\/wp-json\/wp\/v2\/media\/210026"}],"wp:attachment":[{"href":"https:\/\/www.europesays.com\/pt\/wp-json\/wp\/v2\/media?parent=210025"}],"wp:term":[{"taxonomy":"category","embeddable":true,"href":"https:\/\/www.europesays.com\/pt\/wp-json\/wp\/v2\/categories?post=210025"},{"taxonomy":"post_tag","embeddable":true,"href":"https:\/\/www.europesays.com\/pt\/wp-json\/wp\/v2\/tags?post=210025"}],"curies":[{"name":"wp","href":"https:\/\/api.w.org\/{rel}","templated":true}]}}