{"id":210031,"date":"2026-01-01T02:35:13","date_gmt":"2026-01-01T02:35:13","guid":{"rendered":"https:\/\/www.europesays.com\/pt\/210031\/"},"modified":"2026-01-01T02:35:13","modified_gmt":"2026-01-01T02:35:13","slug":"ue-diz-que-alegado-ataque-da-ucrania-a-residencia-de-putin-e-distracao-deliberada","status":"publish","type":"post","link":"https:\/\/www.europesays.com\/pt\/210031\/","title":{"rendered":"UE diz que &#8220;alegado ataque da Ucr\u00e2nia \u00e0 resid\u00eancia de Putin \u00e9 &#8220;distra\u00e7\u00e3o deliberada&#8221;"},"content":{"rendered":"<p data-remotead-prev-elm=\"true\" data-remotead-elm-id=\"inread\">&#8220;A afirma\u00e7\u00e3o da R\u00fassia de que a Ucr\u00e2nia atacou recentemente instala\u00e7\u00f5es governamentais importantes na R\u00fassia \u00e9 uma distra\u00e7\u00e3o deliberada&#8221;, afirmou Kallas numa mensagem escrita no seu perfil da rede social X, na primeira rea\u00e7\u00e3o p\u00fablica de Bruxelas aos factos denunciados esta semana pelo Kremlin.<\/p>\n<p>Para aquela respons\u00e1vel, &#8220;Moscovo pretende frustrar o progresso real para a paz entre a Ucr\u00e2nia e os seus parceiros ocidentais&#8221;, pelo que defendeu que &#8220;ningu\u00e9m&#8221; deveria aceitar &#8220;acusa\u00e7\u00f5es infundadas&#8221; de quem &#8220;atacou indiscriminadamente as infraestruturas e os civis ucranianos desde o in\u00edcio da guerra&#8221;.<\/p>\n<p>O ministro dos Neg\u00f3cios Estrangeiros da R\u00fassia, Sergei Lavrov, denunciou que as for\u00e7as ucranianas lan\u00e7aram, na noite de 28 para 29 de dezembro, at\u00e9 91 drones &#8211; embora tenham sido intercetados &#8211; contra a resid\u00eancia presidencial de Vladimir Putin, em Novgorod, refere a ag\u00eancia Europa Press.<\/p>\n<p data-remotead-prev-elm=\"true\" data-remotead-elm-id=\"centro1\">A R\u00fassia classificou estes atos como &#8220;terrorismo de Estado&#8221; e sublinhou que n\u00e3o pretende abandonar a mesa de negocia\u00e7\u00f5es, limitando-se a dialogar com os Estados Unidos, embora se reserve tamb\u00e9m ao direito de endurecer as suas posi\u00e7\u00f5es.<\/p>\n<p>Por seu lado, a Ucr\u00e2nia acusou a R\u00fassia de tentar boicotar o processo de negocia\u00e7\u00f5es. Ao mesmo tempo, criticou aqueles que, na comunidade internacional, condenaram um ataque, que, insiste, n\u00e3o aconteceu.<\/p>\n<p>O ex\u00e9rcito russo reiterou hoje as suas acusa\u00e7\u00f5es de que a Ucr\u00e2nia atacou com drones uma resid\u00eancia do presidente Vladimir Putin, publicando um v\u00eddeo que mostra um aparelho que teria sido abatido durante o ataque, o que Kiev denuncia como falso.<\/p>\n<p data-remotead-prev-elm=\"true\" data-remotead-elm-id=\"centro2\">O Minist\u00e9rio da Defesa russo difundiu um v\u00eddeo mostrando um soldado com o rosto tapado ao lado dos destro\u00e7os de um drone, referindo que a aeronave carregava uma carga explosiva de seis quilos.<\/p>\n<p>A Ucr\u00e2nia negou imediatamente, apontando a falta de provas e sustentando que Moscovo procurava, dessa forma, justificar um bloqueio das negocia\u00e7\u00f5es para encontrar uma solu\u00e7\u00e3o para o conflito, desencadeado pela ofensiva russa em grande escala contra a Ucr\u00e2nia, em 2022.<\/p>\n<p>Estas acusa\u00e7\u00f5es levantam d\u00favidas sobre a continua\u00e7\u00e3o das negocia\u00e7\u00f5es diplom\u00e1ticas iniciadas em novembro para tentar p\u00f4r fim ao conflito mais mort\u00edfero na Europa desde a Segunda Guerra Mundial.<\/p>\n<p data-remotead-prev-elm=\"true\" data-remotead-elm-id=\"centro3\">Num comunicado divulgado hoje pelo ex\u00e9rcito russo, um general respons\u00e1vel pelas unidades de m\u00edsseis antia\u00e9reos, Alexandre Romanenkov, afirmou que o &#8220;ataque terrorista&#8221; contra a resid\u00eancia de Putin foi &#8220;cuidadosamente planeado&#8221;.<\/p>\n<p>O ex\u00e9rcito russo tamb\u00e9m publicou um mapa mostrando a trajet\u00f3ria dos proj\u00e9teis lan\u00e7ados durante o alegado ataque, bem como o depoimento de um homem apresentado como morador de uma aldeia localizada perto da resid\u00eancia do presidente russo.<\/p>\n","protected":false},"excerpt":{"rendered":"&#8220;A afirma\u00e7\u00e3o da R\u00fassia de que a Ucr\u00e2nia atacou recentemente instala\u00e7\u00f5es governamentais importantes na R\u00fassia \u00e9 uma distra\u00e7\u00e3o&hellip;\n","protected":false},"author":2,"featured_media":210032,"comment_status":"","ping_status":"","sticky":false,"template":"","format":"standard","meta":{"footnotes":""},"categories":[50],"tags":[27,28,15,16,889,14,25,26,21,22,62,12,13,19,20,23,24,17,18,29,30,31,636,2415,63,64,65],"class_list":{"0":"post-210031","1":"post","2":"type-post","3":"status-publish","4":"format-standard","5":"has-post-thumbnail","7":"category-mundo","8":"tag-breaking-news","9":"tag-breakingnews","10":"tag-featured-news","11":"tag-featurednews","12":"tag-guerra-na-ucrania","13":"tag-headlines","14":"tag-latest-news","15":"tag-latestnews","16":"tag-main-news","17":"tag-mainnews","18":"tag-mundo","19":"tag-news","20":"tag-noticias","21":"tag-noticias-principais","22":"tag-noticiasprincipais","23":"tag-principais-noticias","24":"tag-principaisnoticias","25":"tag-top-stories","26":"tag-topstories","27":"tag-ultimas","28":"tag-ultimas-noticias","29":"tag-ultimasnoticias","30":"tag-uniao-europeia","31":"tag-vladimir-putin","32":"tag-world","33":"tag-world-news","34":"tag-worldnews"},"share_on_mastodon":{"url":"https:\/\/pubeurope.com\/@pt\/115817514480420393","error":""},"_links":{"self":[{"href":"https:\/\/www.europesays.com\/pt\/wp-json\/wp\/v2\/posts\/210031","targetHints":{"allow":["GET"]}}],"collection":[{"href":"https:\/\/www.europesays.com\/pt\/wp-json\/wp\/v2\/posts"}],"about":[{"href":"https:\/\/www.europesays.com\/pt\/wp-json\/wp\/v2\/types\/post"}],"author":[{"embeddable":true,"href":"https:\/\/www.europesays.com\/pt\/wp-json\/wp\/v2\/users\/2"}],"replies":[{"embeddable":true,"href":"https:\/\/www.europesays.com\/pt\/wp-json\/wp\/v2\/comments?post=210031"}],"version-history":[{"count":0,"href":"https:\/\/www.europesays.com\/pt\/wp-json\/wp\/v2\/posts\/210031\/revisions"}],"wp:featuredmedia":[{"embeddable":true,"href":"https:\/\/www.europesays.com\/pt\/wp-json\/wp\/v2\/media\/210032"}],"wp:attachment":[{"href":"https:\/\/www.europesays.com\/pt\/wp-json\/wp\/v2\/media?parent=210031"}],"wp:term":[{"taxonomy":"category","embeddable":true,"href":"https:\/\/www.europesays.com\/pt\/wp-json\/wp\/v2\/categories?post=210031"},{"taxonomy":"post_tag","embeddable":true,"href":"https:\/\/www.europesays.com\/pt\/wp-json\/wp\/v2\/tags?post=210031"}],"curies":[{"name":"wp","href":"https:\/\/api.w.org\/{rel}","templated":true}]}}