{"id":210059,"date":"2026-01-01T03:03:08","date_gmt":"2026-01-01T03:03:08","guid":{"rendered":"https:\/\/www.europesays.com\/pt\/210059\/"},"modified":"2026-01-01T03:03:08","modified_gmt":"2026-01-01T03:03:08","slug":"em-2025-a-america-latina-virou-a-direita-com-apoio-de-trump-observador","status":"publish","type":"post","link":"https:\/\/www.europesays.com\/pt\/210059\/","title":{"rendered":"Em 2025, a Am\u00e9rica Latina virou \u00e0 direita com apoio de Trump \u2013 Observador"},"content":{"rendered":"<p><strong>\u201cA esquerda retrocede. A liberdade avan\u00e7a!\u201d<\/strong> Nas redes sociais, o Presidente argentino, Javier Milei, partilhou um mapa da Am\u00e9rica Latina que distingue os pa\u00edses em que governam partidos de esquerda e de direita. O l\u00edder da Argentina celebrava a viragem \u00e0 direita de mais um governo da regi\u00e3o, neste caso o do Chile, com a vit\u00f3ria de Jos\u00e9 Antonio Kast nas elei\u00e7\u00f5es presidenciais. <a href=\"https:\/\/www.cnnbrasil.com.br\/internacional\/milei-compartilha-post-que-mostra-brasil-como-favela-e-argentina-futurista\/\" rel=\"nofollow noopener\" target=\"_blank\">Noutra publica\u00e7\u00e3o mais provocadora, que irritou os brasileiros<\/a>, o chefe de Estado argentino chegou a partilhar uma Am\u00e9rica do Sul dividida entre favelas (onde se incluem o Brasil, a Col\u00f4mbia, a Venezuela e o Uruguai, governados pela esquerda) e arranha-c\u00e9us (como a Argentina, o Chile, o Peru e o Equador, governados \u00e0 direita).<\/p>\n<p><strong>Em 2025, a tend\u00eancia pol\u00edtica na Am\u00e9rica Central e do Sul foi de clara viragem \u00e0 direita <\/strong>\u2014 da mais moderada \u00e0 mais radical. Os eleitores preferiram l\u00edderes daquele espectro pol\u00edtico, derrotando os dos partidos de esquerda. Aconteceu no <strong>Chile<\/strong>, na <strong>Bol\u00edvia<\/strong>, no <strong>Equador<\/strong>, nas <strong>Honduras<\/strong> e at\u00e9 na <strong>Argentina<\/strong> \u2014 em que Javier Milei conquistou uma s\u00f3lida vit\u00f3ria nas legislativas (apesar de ter perdido as elei\u00e7\u00f5es municipais na capital, Buenos Aires). H\u00e1 um elo a lig\u00e1-los: muitos candidatos contaram com o apoio do Presidente norte-americano, <strong>Donald Trump.\u00a0\u00a0<\/strong><\/p>\n<p>H\u00e1 quatro anos, a tend\u00eancia era a inversa: os partidos de esquerda progressista dominaram nas v\u00e1rias elei\u00e7\u00f5es na Am\u00e9rica Latina. <strong>Gabriel Boric<\/strong> tinha vencido as presidenciais no Chile, <strong>Gustavo Petro<\/strong> na Col\u00f4mbia (um pa\u00eds tradicionalmente de direita e que elegeu pela primeira vez na Hist\u00f3ria um Presidente assumidamente de esquerda), <strong>Lula da Silva\u00a0<\/strong>no Brasil,\u00a0<strong>Pedro Castillo <\/strong>no Peru e <strong>Xiomara Castro<\/strong> nas Honduras. Com a particularidade de todos eles substitu\u00edrem lideran\u00e7as mais \u00e0 direita.<\/p>\n<blockquote class=\"twitter-tweet\" data-width=\"500\" data-dnt=\"true\">\n<p lang=\"es\" dir=\"ltr\">LA IZQUIERDA RETROCEDE <br \/>LA LIBERTAD AVANZA <br \/>VLLC! <a href=\"https:\/\/t.co\/TfXucNdCJY\" rel=\"nofollow\">pic.twitter.com\/TfXucNdCJY<\/a><\/p>\n<p>\u2014 Javier Milei (@JMilei) <a href=\"https:\/\/twitter.com\/JMilei\/status\/2000344815540773356?ref_src=twsrc%5Etfw\" rel=\"nofollow noopener\" target=\"_blank\">December 14, 2025<\/a><\/p>\n<\/blockquote>\n<p><strong>Vai esta viragem \u00e0 direita prolongar-se no pr\u00f3ximo ano?<\/strong> H\u00e1 v\u00e1rios pa\u00edses com elei\u00e7\u00f5es importantes: h\u00e1 presidenciais no <strong>Peru,<\/strong> <strong>Col\u00f4mbia<\/strong> e <strong>Brasil<\/strong> \u2014 os dois \u00faltimos pot\u00eancias regionais. Ao mesmo tempo, o regime venezuelano liderado por Nicol\u00e1s Maduro continua a ser amea\u00e7ado pelos Estados Unidos da Am\u00e9rica (EUA), o que poder\u00e1 alterar ainda mais o panorama, principalmente se Mar\u00eda Corina Machado (assumidamente de direita) suceder ao atual Presidente.<\/p>\n<p>Politicamente, a Am\u00e9rica Latina sempre funcionou por ondas e seguiu tend\u00eancias de outras partes do globo. No in\u00edcio dos anos 90, v\u00e1rios pa\u00edses tiveram regimes neoliberais de direita \u2014 \u00e0 semelhan\u00e7a do Reino Unido liderado pela ex-primeira-ministra Margaret Thachter, ou dos Estados Unidos, com o Presidente Ronald Reagan. No final da d\u00e9cada e no in\u00edcio dos anos 2000, virou \u00e0 esquerda, com <strong>Lula da Silva<\/strong> e <strong>Hugo Ch\u00e1vez<\/strong> (que representavam correntes diferentes) a serem os principais rostos dessa mudan\u00e7a.<\/p>\n<p>A meio da \u00faltima d\u00e9cada, a tend\u00eancia voltou a alterar-se com v\u00e1rias vit\u00f3rias de l\u00edderes mais \u00e0 direita: Sebasti\u00e1n Pi\u00f1era no Chile, Mauricio Macri na Argentina e Jair Bolsonaro no Brasil. Em poucos anos, assistiu-se a mais uma <strong>viragem \u00e0 esquerda<\/strong>, com o regresso ao poder de Lula da Silva, a vit\u00f3ria de Gabriel Boric no Chile e de Gustavo Petro na Col\u00f4mbia.<\/p>\n<p><script async src=\"https:\/\/platform.twitter.com\/widgets.js\" charset=\"utf-8\"><\/script><\/p>\n","protected":false},"excerpt":{"rendered":"\u201cA esquerda retrocede. A liberdade avan\u00e7a!\u201d Nas redes sociais, o Presidente argentino, Javier Milei, partilhou um mapa da&hellip;\n","protected":false},"author":2,"featured_media":210060,"comment_status":"","ping_status":"","sticky":false,"template":"","format":"standard","meta":{"footnotes":""},"categories":[50],"tags":[624,2424,27816,27,28,15520,1077,623,15,16,14,25,26,21,22,62,12,13,19,20,302,23,24,17,18,29,30,31,63,64,65],"class_list":{"0":"post-210059","1":"post","2":"type-post","3":"status-publish","4":"format-standard","5":"has-post-thumbnail","7":"category-mundo","8":"tag-amu00e9rica","9":"tag-argentina","10":"tag-bolu00edvia","11":"tag-breaking-news","12":"tag-breakingnews","13":"tag-chile","14":"tag-eleiu00e7u00f5es","15":"tag-estados-unidos-da-amu00e9rica","16":"tag-featured-news","17":"tag-featurednews","18":"tag-headlines","19":"tag-latest-news","20":"tag-latestnews","21":"tag-main-news","22":"tag-mainnews","23":"tag-mundo","24":"tag-news","25":"tag-noticias","26":"tag-noticias-principais","27":"tag-noticiasprincipais","28":"tag-polu00edtica","29":"tag-principais-noticias","30":"tag-principaisnoticias","31":"tag-top-stories","32":"tag-topstories","33":"tag-ultimas","34":"tag-ultimas-noticias","35":"tag-ultimasnoticias","36":"tag-world","37":"tag-world-news","38":"tag-worldnews"},"share_on_mastodon":{"url":"","error":"Validation failed: Text character limit of 500 exceeded"},"_links":{"self":[{"href":"https:\/\/www.europesays.com\/pt\/wp-json\/wp\/v2\/posts\/210059","targetHints":{"allow":["GET"]}}],"collection":[{"href":"https:\/\/www.europesays.com\/pt\/wp-json\/wp\/v2\/posts"}],"about":[{"href":"https:\/\/www.europesays.com\/pt\/wp-json\/wp\/v2\/types\/post"}],"author":[{"embeddable":true,"href":"https:\/\/www.europesays.com\/pt\/wp-json\/wp\/v2\/users\/2"}],"replies":[{"embeddable":true,"href":"https:\/\/www.europesays.com\/pt\/wp-json\/wp\/v2\/comments?post=210059"}],"version-history":[{"count":0,"href":"https:\/\/www.europesays.com\/pt\/wp-json\/wp\/v2\/posts\/210059\/revisions"}],"wp:featuredmedia":[{"embeddable":true,"href":"https:\/\/www.europesays.com\/pt\/wp-json\/wp\/v2\/media\/210060"}],"wp:attachment":[{"href":"https:\/\/www.europesays.com\/pt\/wp-json\/wp\/v2\/media?parent=210059"}],"wp:term":[{"taxonomy":"category","embeddable":true,"href":"https:\/\/www.europesays.com\/pt\/wp-json\/wp\/v2\/categories?post=210059"},{"taxonomy":"post_tag","embeddable":true,"href":"https:\/\/www.europesays.com\/pt\/wp-json\/wp\/v2\/tags?post=210059"}],"curies":[{"name":"wp","href":"https:\/\/api.w.org\/{rel}","templated":true}]}}