{"id":210094,"date":"2026-01-01T03:37:10","date_gmt":"2026-01-01T03:37:10","guid":{"rendered":"https:\/\/www.europesays.com\/pt\/210094\/"},"modified":"2026-01-01T03:37:10","modified_gmt":"2026-01-01T03:37:10","slug":"finalistas-do-secret-story-veem-pela-primeira-vez-pedido-de-casamento-de-ze-a-liliana-as-reacoes-falam-por-si-dois-as-10","status":"publish","type":"post","link":"https:\/\/www.europesays.com\/pt\/210094\/","title":{"rendered":"Finalistas do Secret Story veem pela primeira vez pedido de casamento de Z\u00e9 a Liliana. As rea\u00e7\u00f5es falam por si &#8211; Dois \u00e0s 10"},"content":{"rendered":"<p>                        A \u00faltima noite dos concorrentes do Secret Story dentro da casa ficou marcada pela exibi\u00e7\u00e3o da gala de estreia.<\/p>\n<p data-end=\"449\" data-start=\"106\">Na \u00faltima noite passada dentro da casa do Secret Story, os finalistas tiveram a oportunidade de rever a gala de estreia do reality show \u2014 um momento carregado de emo\u00e7\u00f5es e mem\u00f3rias fortes. Entre os v\u00e1rios momentos, houve um que concentrou grande parte da aten\u00e7\u00e3o: o pedido de casamento de Z\u00e9 a Liliana, logo no arranque do programa.<\/p>\n<p data-end=\"773\" data-start=\"451\">Recorde-se que Jos\u00e9 Andrade pediu Liliana em casamento em pleno direto, acabando por ficar \u00e0 porta da casa mais vigiada do pa\u00eds, enquanto a ent\u00e3o noiva entrava no jogo. Pouco tempo depois, j\u00e1 no interior da casa, Liliana acabaria por colocar um ponto final no noivado, iniciando um dos enredos mais marcantes desta edi\u00e7\u00e3o.<\/p>\n<p data-end=\"1127\" data-start=\"775\">Durante a visualiza\u00e7\u00e3o da gala, as rea\u00e7\u00f5es dos finalistas foram variadas, entre risos, coment\u00e1rios c\u00famplices e alguma surpresa. Liliana, por sua vez, manteve uma postura serena, sem grandes altera\u00e7\u00f5es de express\u00e3o, mostrando apenas surpresa pelo destaque que Z\u00e9 teve ao longo da emiss\u00e3o, com v\u00e1rias refer\u00eancias e imagens centradas no momento do pedido.<\/p>\n<p data-end=\"1441\" data-is-last-node=\"\" data-is-only-node=\"\" data-start=\"1129\">O ambiente foi de curiosidade e expectativa, num exerc\u00edcio inevit\u00e1vel de revisitar o passado antes do desfecho final do jogo. Um momento simb\u00f3lico, que relembrou como tudo come\u00e7ou e como algumas decis\u00f5es tomadas logo nos primeiros dias acabaram por marcar profundamente o percurso desta edi\u00e7\u00e3o do Secret Story.<\/p>\n<p>\u00a0<\/p>\n","protected":false},"excerpt":{"rendered":"A \u00faltima noite dos concorrentes do Secret Story dentro da casa ficou marcada pela exibi\u00e7\u00e3o da gala de&hellip;\n","protected":false},"author":2,"featured_media":210095,"comment_status":"","ping_status":"","sticky":false,"template":"","format":"standard","meta":{"footnotes":""},"categories":[142],"tags":[329,166,3412,3406,3409,801,3410,3411,3407,3408,114,115,15353,19016,3413,338,19184,21416,32,33,1315,151,975],"class_list":{"0":"post-210094","1":"post","2":"type-post","3":"status-publish","4":"format-standard","5":"has-post-thumbnail","7":"category-tv","8":"tag-claudio-ramos","9":"tag-cristina-ferreira","10":"tag-dois-10","11":"tag-dois-a-s-10-dois-a-s-10","12":"tag-dois-a-s-dez","13":"tag-dois-as-10","14":"tag-dois-as-dez","15":"tag-dois-dez","16":"tag-doisas10","17":"tag-doisasdez","18":"tag-entertainment","19":"tag-entretenimento","20":"tag-ines","21":"tag-liliana","22":"tag-manha-tvi","23":"tag-maria-botelho-moniz","24":"tag-marisa","25":"tag-pedro-jorge","26":"tag-portugal","27":"tag-pt","28":"tag-secret-story","29":"tag-tv","30":"tag-ze"},"share_on_mastodon":{"url":"https:\/\/pubeurope.com\/@pt\/115817758207453603","error":""},"_links":{"self":[{"href":"https:\/\/www.europesays.com\/pt\/wp-json\/wp\/v2\/posts\/210094","targetHints":{"allow":["GET"]}}],"collection":[{"href":"https:\/\/www.europesays.com\/pt\/wp-json\/wp\/v2\/posts"}],"about":[{"href":"https:\/\/www.europesays.com\/pt\/wp-json\/wp\/v2\/types\/post"}],"author":[{"embeddable":true,"href":"https:\/\/www.europesays.com\/pt\/wp-json\/wp\/v2\/users\/2"}],"replies":[{"embeddable":true,"href":"https:\/\/www.europesays.com\/pt\/wp-json\/wp\/v2\/comments?post=210094"}],"version-history":[{"count":0,"href":"https:\/\/www.europesays.com\/pt\/wp-json\/wp\/v2\/posts\/210094\/revisions"}],"wp:featuredmedia":[{"embeddable":true,"href":"https:\/\/www.europesays.com\/pt\/wp-json\/wp\/v2\/media\/210095"}],"wp:attachment":[{"href":"https:\/\/www.europesays.com\/pt\/wp-json\/wp\/v2\/media?parent=210094"}],"wp:term":[{"taxonomy":"category","embeddable":true,"href":"https:\/\/www.europesays.com\/pt\/wp-json\/wp\/v2\/categories?post=210094"},{"taxonomy":"post_tag","embeddable":true,"href":"https:\/\/www.europesays.com\/pt\/wp-json\/wp\/v2\/tags?post=210094"}],"curies":[{"name":"wp","href":"https:\/\/api.w.org\/{rel}","templated":true}]}}