{"id":210117,"date":"2026-01-01T04:13:13","date_gmt":"2026-01-01T04:13:13","guid":{"rendered":"https:\/\/www.europesays.com\/pt\/210117\/"},"modified":"2026-01-01T04:13:13","modified_gmt":"2026-01-01T04:13:13","slug":"finlandia-detem-navio-suspeito-apos-cabos-submarinos-serem-danificados","status":"publish","type":"post","link":"https:\/\/www.europesays.com\/pt\/210117\/","title":{"rendered":"Finl\u00e2ndia det\u00e9m navio suspeito ap\u00f3s cabos submarinos serem danificados"},"content":{"rendered":"<p>\n         Publicado a<br \/>\n            31\/12\/2025 &#8211; 15:33 GMT+1\n            <\/p>\n<p>Dois cabos foram danificados no Golfo da Finl\u00e2ndia, entre a Finl\u00e2ndia e a Est\u00f3nia. Um dos cabos pertence \u00e0 operadora de telecomunica\u00e7\u00f5es Elisa e o outro, segundo a Est\u00e9nia, \u00e9 propriedade da provedora de servi\u00e7os de telecomunica\u00e7\u00f5es sueca Arelion.<\/p>\n<p>A empresa de telecomunica\u00e7\u00f5es Elisa informou que a avaria foi detetada por volta das cinco da manh\u00e3.<\/p>\n<p>Mais tarde, a guarda costeira finlandesa deteve um navio suspeito de ter provocado o estrago. De acordo com o<a href=\"https:\/\/www.hs.fi\/suomi\/art-2000011723060.html\" target=\"_blank\" rel=\"noreferrer nofollow noopener\"> jornal finland\u00eas Helsingin Sanomat<\/a>, que cita fontes policiais, o navio, de nome Fitburg, encontra-se ao largo da costa de Porkkala, na zona econ\u00f3mica exclusiva da Finl\u00e2ndia. <\/p>\n<p>A mesma publica\u00e7\u00e3o indica que as autoridades finlandesas abordaram a embarca\u00e7\u00e3oo a partir de um helic\u00f3ptero, numa opera\u00e7\u00e3o envolveu tamb\u00e9m meios mar\u00edtimos. <\/p>\n<p>Um comunicado oficial da guarda costeira informou que a corrente da \u00e2ncora do navio foi encontrada na \u00e1gua. As autoridades j\u00e1 confirmaram que os 14 tripulantes do navio foram detidos.<\/p>\n<p>De acordo com a Marinetraffic, o navio, com pavilh\u00e3o de S\u00e3o Vicente e Granadinas, uma pequena na\u00e7\u00e3o insular no Mar das Cara\u00edbas, partiu de S\u00e3o Petersburgo na ter\u00e7a-feira tendo como destino Israel. <\/p>\n<p>Ap\u00f3s o incidente, a pol\u00edcia finlandesa deu in\u00edcio a uma investiga\u00e7\u00e3o criminal.<\/p>\n<p>&#8220;H\u00e1 ind\u00edcios t\u00e3o fortes de um crime que o limiar para uma investiga\u00e7\u00e3o preliminar foi ultrapassado e ordenei a abertura de uma investiga\u00e7\u00e3o preliminar&#8221;, disse o procurador-geral adjunto, Jukka Rappe, ao jornal HS.<\/p>\n<p>O presidente finland\u00eas, Alexander Stubb, afirmou que a Finl\u00e2ndia est\u00e1 preparada para v\u00e1rios desafios em mat\u00e9ria de seguran\u00e7a e que \u00e9 capaz de fornecer resposta quando necess\u00e1rio.<\/p>\n<p>Ambos os cabos danificados estavam na trajet\u00f3ria do navio detido.<\/p>\n<p>Este tipo de incidentes tornou-se mais frequente na regi\u00e3o do Mar B\u00e1ltico desde o in\u00edcio da invas\u00e3o total da Ucr\u00e2nia pela R\u00fassia, o que levou os pa\u00edses da NATO a intensificar as patrulhas para proteger as infraestruturas contra atos de sabotagem suspeitos da R\u00fassia.<\/p>\n<p>No ano passado, um navio-tanque da &#8220;frota fantasma&#8221; da R\u00fassia danificou o gasoduto submarino Balticconnector e as linhas de energia Estlink2 no Golfo da Finl\u00e2ndia.<\/p>\n","protected":false},"excerpt":{"rendered":"Publicado a 31\/12\/2025 &#8211; 15:33 GMT+1 Dois cabos foram danificados no Golfo da Finl\u00e2ndia, entre a Finl\u00e2ndia e&hellip;\n","protected":false},"author":2,"featured_media":210118,"comment_status":"","ping_status":"","sticky":false,"template":"","format":"standard","meta":{"footnotes":""},"categories":[50],"tags":[27,28,15624,15,16,5388,14,25,26,21,22,62,12,13,19,20,23,24,8649,17,18,29,30,31,63,64,65],"class_list":{"0":"post-210117","1":"post","2":"type-post","3":"status-publish","4":"format-standard","5":"has-post-thumbnail","7":"category-mundo","8":"tag-breaking-news","9":"tag-breakingnews","10":"tag-estonia","11":"tag-featured-news","12":"tag-featurednews","13":"tag-finlandia","14":"tag-headlines","15":"tag-latest-news","16":"tag-latestnews","17":"tag-main-news","18":"tag-mainnews","19":"tag-mundo","20":"tag-news","21":"tag-noticias","22":"tag-noticias-principais","23":"tag-noticiasprincipais","24":"tag-principais-noticias","25":"tag-principaisnoticias","26":"tag-telecomunicacoes","27":"tag-top-stories","28":"tag-topstories","29":"tag-ultimas","30":"tag-ultimas-noticias","31":"tag-ultimasnoticias","32":"tag-world","33":"tag-world-news","34":"tag-worldnews"},"share_on_mastodon":{"url":"https:\/\/pubeurope.com\/@pt\/115817899764191433","error":""},"_links":{"self":[{"href":"https:\/\/www.europesays.com\/pt\/wp-json\/wp\/v2\/posts\/210117","targetHints":{"allow":["GET"]}}],"collection":[{"href":"https:\/\/www.europesays.com\/pt\/wp-json\/wp\/v2\/posts"}],"about":[{"href":"https:\/\/www.europesays.com\/pt\/wp-json\/wp\/v2\/types\/post"}],"author":[{"embeddable":true,"href":"https:\/\/www.europesays.com\/pt\/wp-json\/wp\/v2\/users\/2"}],"replies":[{"embeddable":true,"href":"https:\/\/www.europesays.com\/pt\/wp-json\/wp\/v2\/comments?post=210117"}],"version-history":[{"count":0,"href":"https:\/\/www.europesays.com\/pt\/wp-json\/wp\/v2\/posts\/210117\/revisions"}],"wp:featuredmedia":[{"embeddable":true,"href":"https:\/\/www.europesays.com\/pt\/wp-json\/wp\/v2\/media\/210118"}],"wp:attachment":[{"href":"https:\/\/www.europesays.com\/pt\/wp-json\/wp\/v2\/media?parent=210117"}],"wp:term":[{"taxonomy":"category","embeddable":true,"href":"https:\/\/www.europesays.com\/pt\/wp-json\/wp\/v2\/categories?post=210117"},{"taxonomy":"post_tag","embeddable":true,"href":"https:\/\/www.europesays.com\/pt\/wp-json\/wp\/v2\/tags?post=210117"}],"curies":[{"name":"wp","href":"https:\/\/api.w.org\/{rel}","templated":true}]}}