{"id":210121,"date":"2026-01-01T04:25:19","date_gmt":"2026-01-01T04:25:19","guid":{"rendered":"https:\/\/www.europesays.com\/pt\/210121\/"},"modified":"2026-01-01T04:25:19","modified_gmt":"2026-01-01T04:25:19","slug":"as-historias-nao-contadas-de-tres-decadas-de-internet-em-portugal-internet","status":"publish","type":"post","link":"https:\/\/www.europesays.com\/pt\/210121\/","title":{"rendered":"As hist\u00f3rias n\u00e3o contadas de tr\u00eas d\u00e9cadas de internet em Portugal &#8211; Internet"},"content":{"rendered":"<p><strong>Em 2025 o TEK comemora os 25 anos de vida, e j\u00e1 \u00e9 dif\u00edcil lembrarmo-nos de como era a Internet em 2000<\/strong>, quando a massifica\u00e7\u00e3o do acesso ainda estava a dar os primeiros passos em Portugal, depois do lan\u00e7amento dos primeiros servi\u00e7os comerciais em 1995. E ningu\u00e9m se atreveria a antecipar a transforma\u00e7\u00e3o que a tecnologia viria a sofrer em duas d\u00e9cadas.<\/p>\n<p>N\u00e3o perca nenhuma not\u00edcia importante da atualidade de tecnologia e\u00a0<a href=\"https:\/\/tek.sapo.pt\/\" target=\"_blank\" rel=\"noopener noreferrer nofollow\" data-stringify-link=\"https:\/\/tek.sapo.pt\/\" data-sk=\"tooltip_parent\">acompanhe tudo em tek.sapo.pt<\/a><\/p>\n<p><strong>As mem\u00f3rias dos primeiros anos est\u00e3o a perder-se e \u00e9 importante preservar estas hist\u00f3rias que deram in\u00edcio \u00e0 transforma\u00e7\u00e3o digital da sociedade e da economia, mas tamb\u00e9m avaliar o impacto e perspectivar o futuro.<\/strong><\/p>\n<p>Por isso mesmo estamos a lan\u00e7ar <strong>um novo projeto no TEK, que pretende contar as hist\u00f3rias n\u00e3o contadas de tr\u00eas d\u00e9cadas de Internet em Portugal<\/strong>, documentando como era a Internet no in\u00edcio dos anos 90 com as primeiras liga\u00e7\u00f5es ainda nas Universidades, e falando com os pioneiros que ajudaram a dar os primeiros passos para a Sociedade do Conhecimento.<\/p>\n<p><strong>Os primeiros equipamentos, com os &#8220;velhinhos&#8221; modems e os computadores, e mesmo as plataformas e o som de liga\u00e7\u00e3o \u00e0 Internet, fazem parte das mem\u00f3rias que queremos preservar.\u00a0<\/strong><\/p>\n<p>  <a href=\"https:\/\/mb.web.sapo.io\/3d0f7a8d2895a1d917235ae21a1edfe22e2e40a5.png\" title=\"30 anos de internet - computadores \" data-ps-trigger=\"\" data-index=\"1\" data-ps-single-photo=\"true\" target=\"_blank\" rel=\"nofollow noopener\">  30 anos de internet &#8211; computadores &#8221; data-title=&#8221;30 anos de internet &#8211; computadores  &#8211; As hist\u00f3rias n\u00e3o contadas de tr\u00eas d\u00e9cadas de internet em Portugal &#8211; Tek Not\u00edcias&#8221;&gt;                <img decoding=\"async\" src=\"https:\/\/www.europesays.com\/pt\/wp-content\/uploads\/2026\/01\/rOjEqNQfq7rETTHGbp5E2jFEdj2DazKLKmafCzrcKf3V7QoUr1ydmxwd2D320+lwCQTg5Bebkp27xlV7fijDZNFOg7Mv+yY=.png\" alt=\"30 anos de internet - computadores \" title=\"30 anos de internet - computadores \"\/>   <\/a>     30 anos de internet &#8211; computadores        <\/p>\n<p><strong>Este \u00e9 um projeto em evolu\u00e7\u00e3o, que se vai desenvolver durante o ano de 2026 e que queremos que seja participativo<\/strong>, envolvendo todos na preserva\u00e7\u00e3o das mem\u00f3rias e partilha com as novas gera\u00e7\u00f5es que j\u00e1 nasceram num mundo digital, onde modems, disquetes e BBS s\u00e3o elementos desconhecidos ou que fazem parte da &#8220;arqueologia&#8221; da Internet.<\/p>\n<p>Ao longo das pr\u00f3ximas semanas ser\u00e3o partilhados mais pormenores sobre o projeto, mas convidamos j\u00e1 todos os que quiserem partilhar o seu testemunho a enviarem um <a href=\"https:\/\/tek.sapo.pt\/noticias\/internet\/artigos\/mailto:redacao@teknoticias.pt\" rel=\"nofollow noopener\" target=\"_blank\">email para a reda\u00e7\u00e3o do TEK Not\u00edcias<\/a>.<\/p>\n<p>  <a href=\"https:\/\/mb.web.sapo.io\/9fb83946c4a0443352eab71d25497fd1db1d40c9.png\" title=\"Patrocinio 30 anos internet\" data-ps-trigger=\"\" data-index=\"1\" data-ps-single-photo=\"true\" target=\"_blank\" rel=\"nofollow noopener\">  Patrocinio 30 anos internet&#8221; data-title=&#8221;Patrocinio 30 anos internet &#8211; As hist\u00f3rias n\u00e3o contadas de tr\u00eas d\u00e9cadas de internet em Portugal &#8211; Tek Not\u00edcias&#8221;&gt;                <img decoding=\"async\" src=\"https:\/\/www.europesays.com\/pt\/wp-content\/uploads\/2026\/01\/7g9I1ZgiMLTLalNCNUd50Tzx1jU=.png\" alt=\"Patrocinio 30 anos internet\" title=\"Patrocinio 30 anos internet\"\/>   <\/a>     Patrocinio 30 anos internet       <\/p>\n","protected":false},"excerpt":{"rendered":"Em 2025 o TEK comemora os 25 anos de vida, e j\u00e1 \u00e9 dif\u00edcil lembrarmo-nos de como era&hellip;\n","protected":false},"author":2,"featured_media":210122,"comment_status":"","ping_status":"","sticky":false,"template":"","format":"standard","meta":{"footnotes":""},"categories":[84],"tags":[109,107,108,32,33,105,103,104,106,110],"class_list":{"0":"post-210121","1":"post","2":"type-post","3":"status-publish","4":"format-standard","5":"has-post-thumbnail","7":"category-ciencia-e-tecnologia","8":"tag-ciencia","9":"tag-ciencia-e-tecnologia","10":"tag-cienciaetecnologia","11":"tag-portugal","12":"tag-pt","13":"tag-science","14":"tag-science-and-technology","15":"tag-scienceandtechnology","16":"tag-technology","17":"tag-tecnologia"},"share_on_mastodon":{"url":"https:\/\/pubeurope.com\/@pt\/115817947307464493","error":""},"_links":{"self":[{"href":"https:\/\/www.europesays.com\/pt\/wp-json\/wp\/v2\/posts\/210121","targetHints":{"allow":["GET"]}}],"collection":[{"href":"https:\/\/www.europesays.com\/pt\/wp-json\/wp\/v2\/posts"}],"about":[{"href":"https:\/\/www.europesays.com\/pt\/wp-json\/wp\/v2\/types\/post"}],"author":[{"embeddable":true,"href":"https:\/\/www.europesays.com\/pt\/wp-json\/wp\/v2\/users\/2"}],"replies":[{"embeddable":true,"href":"https:\/\/www.europesays.com\/pt\/wp-json\/wp\/v2\/comments?post=210121"}],"version-history":[{"count":0,"href":"https:\/\/www.europesays.com\/pt\/wp-json\/wp\/v2\/posts\/210121\/revisions"}],"wp:featuredmedia":[{"embeddable":true,"href":"https:\/\/www.europesays.com\/pt\/wp-json\/wp\/v2\/media\/210122"}],"wp:attachment":[{"href":"https:\/\/www.europesays.com\/pt\/wp-json\/wp\/v2\/media?parent=210121"}],"wp:term":[{"taxonomy":"category","embeddable":true,"href":"https:\/\/www.europesays.com\/pt\/wp-json\/wp\/v2\/categories?post=210121"},{"taxonomy":"post_tag","embeddable":true,"href":"https:\/\/www.europesays.com\/pt\/wp-json\/wp\/v2\/tags?post=210121"}],"curies":[{"name":"wp","href":"https:\/\/api.w.org\/{rel}","templated":true}]}}