{"id":210134,"date":"2026-01-01T04:47:11","date_gmt":"2026-01-01T04:47:11","guid":{"rendered":"https:\/\/www.europesays.com\/pt\/210134\/"},"modified":"2026-01-01T04:47:11","modified_gmt":"2026-01-01T04:47:11","slug":"maycon-douglas-continua-desaparecido-ha-um-novo-detalhe-sobre-o-misterioso-caso","status":"publish","type":"post","link":"https:\/\/www.europesays.com\/pt\/210134\/","title":{"rendered":"Maycon Douglas continua desaparecido: h\u00e1 um novo detalhe sobre o misterioso caso!"},"content":{"rendered":"<p><a href=\"https:\/\/selfie.iol.pt\/famosos\/secret-story-casa-dos-segredos-8\/maycon-douglas-esta-desaparecido-apelo-dramatico-ja-circula-nas-redes-sociais\/20261231\/69558cf1d34e3caad84cf9e4\" target=\"_blank\" rel=\"nofollow noopener\">Maycon Douglas<\/a> est\u00e1 desaparecido desde a madrugada desta quinta-feira, dia 31, tendo sido visto pela \u00faltima vez na zona de Nazar\u00e9.<\/p>\n<p>Depois de um primeiro apelo que come\u00e7ou a circular nas redes sociais, foi partilhado um novo pedido. E, com isto, um pormenor in\u00e9dito sobre o misterioso caso \u00e9 colocado sobre a mesa: o carro onde seguiria o ex-concorrente da oitava edi\u00e7\u00e3o de &#8220;Secret Story &#8211; Casa dos Segredos&#8221;.<\/p>\n<p>&#8220;Pede-se a quem encontrar um ve\u00edculo da marca Nissan Micra, com a matr\u00edcula 54-UZ-63, de cor cinzenta, que entre em contacto, por favor&#8221;, pode ler-se, o que pode indicar que a viatura est\u00e1 relacionada com o desaparecimento de <a href=\"https:\/\/selfie.iol.pt\/famosos\/secret-story-casa-dos-segredos\/maycon-douglas-com-paradeiro-incerto-a-ultima-partilha-antes-de-desaparecer\/20261231\/695598a8d34e2bd5c6d5b2e1\" target=\"_blank\" rel=\"nofollow noopener\">Maycon Douglas<\/a>.<\/p>\n<p>Na primeira mensagem divulgada na Internet, foi avan\u00e7ado que o ex-participante do reality show da <a href=\"https:\/\/tvi.iol.pt\/\" target=\"_blank\" rel=\"nofollow noopener\">TVI<\/a> &#8220;desapareceu pelas 05:00 horas do dia 31 de dezembro&#8221;. &#8220;Foi avistado pela \u00faltima vez na Nazar\u00e9&#8221;, revelou-se ainda, dando tamb\u00e9m conta da roupa que o jovem estava a usar.<\/p>\n<p>Foram ainda deixados contactos para o caso de algu\u00e9m ter informa\u00e7\u00f5es sobre o ex-concorrente de &#8220;<a href=\"https:\/\/tvi.iol.pt\/secretstory\/\" target=\"_blank\" rel=\"nofollow noopener\">Secret Story<\/a> &#8211; Casa dos Segredos&#8221;.<\/p>\n<p style=\"text-align:center\"><img loading=\"lazy\" decoding=\"async\" alt=\"\" height=\"889\" src=\"https:\/\/www.europesays.com\/pt\/wp-content\/uploads\/2026\/01\/6955e6ccd34e2bd5c6d5b479.webp\" width=\"500\"\/><\/p>\n<p style=\"text-align:center\"><img loading=\"lazy\" decoding=\"async\" alt=\"\" height=\"889\" src=\"https:\/\/www.europesays.com\/pt\/wp-content\/uploads\/2025\/12\/69558bd4d34e3caad84cf9e0.webp\" width=\"500\"\/><\/p>\n<p>\u00a0<\/p>\n","protected":false},"excerpt":{"rendered":"Maycon Douglas est\u00e1 desaparecido desde a madrugada desta quinta-feira, dia 31, tendo sido visto pela \u00faltima vez na&hellip;\n","protected":false},"author":2,"featured_media":210135,"comment_status":"","ping_status":"","sticky":false,"template":"","format":"standard","meta":{"footnotes":""},"categories":[142],"tags":[2632,7869,114,115,6309,980,1015,41187,10223,619,32,33,1014,1315,6985,7868,7867,1012,6986,7870,151,162],"class_list":{"0":"post-210134","1":"post","2":"type-post","3":"status-publish","4":"format-standard","5":"has-post-thumbnail","7":"category-tv","8":"tag-casa-dos-segredos","9":"tag-casa-dos-segredos-8","10":"tag-entertainment","11":"tag-entretenimento","12":"tag-ex-concorrente","13":"tag-famosos","14":"tag-instagram","15":"tag-maycon","16":"tag-maycon-douglas","17":"tag-nacional","18":"tag-portugal","19":"tag-pt","20":"tag-reality-show","21":"tag-secret-story","22":"tag-secret-story-casa-dos-segredos","23":"tag-secret-story-casa-dos-segredos-8","24":"tag-secret-story-8","25":"tag-selfie","26":"tag-ss","27":"tag-ss8","28":"tag-tv","29":"tag-tvi"},"share_on_mastodon":{"url":"https:\/\/pubeurope.com\/@pt\/115818033501581558","error":""},"_links":{"self":[{"href":"https:\/\/www.europesays.com\/pt\/wp-json\/wp\/v2\/posts\/210134","targetHints":{"allow":["GET"]}}],"collection":[{"href":"https:\/\/www.europesays.com\/pt\/wp-json\/wp\/v2\/posts"}],"about":[{"href":"https:\/\/www.europesays.com\/pt\/wp-json\/wp\/v2\/types\/post"}],"author":[{"embeddable":true,"href":"https:\/\/www.europesays.com\/pt\/wp-json\/wp\/v2\/users\/2"}],"replies":[{"embeddable":true,"href":"https:\/\/www.europesays.com\/pt\/wp-json\/wp\/v2\/comments?post=210134"}],"version-history":[{"count":0,"href":"https:\/\/www.europesays.com\/pt\/wp-json\/wp\/v2\/posts\/210134\/revisions"}],"wp:featuredmedia":[{"embeddable":true,"href":"https:\/\/www.europesays.com\/pt\/wp-json\/wp\/v2\/media\/210135"}],"wp:attachment":[{"href":"https:\/\/www.europesays.com\/pt\/wp-json\/wp\/v2\/media?parent=210134"}],"wp:term":[{"taxonomy":"category","embeddable":true,"href":"https:\/\/www.europesays.com\/pt\/wp-json\/wp\/v2\/categories?post=210134"},{"taxonomy":"post_tag","embeddable":true,"href":"https:\/\/www.europesays.com\/pt\/wp-json\/wp\/v2\/tags?post=210134"}],"curies":[{"name":"wp","href":"https:\/\/api.w.org\/{rel}","templated":true}]}}