{"id":210142,"date":"2026-01-01T05:01:16","date_gmt":"2026-01-01T05:01:16","guid":{"rendered":"https:\/\/www.europesays.com\/pt\/210142\/"},"modified":"2026-01-01T05:01:16","modified_gmt":"2026-01-01T05:01:16","slug":"uma-vida-mais-tranquila-george-e-amal-clooney-sao-agora-cidadaos-franceses","status":"publish","type":"post","link":"https:\/\/www.europesays.com\/pt\/210142\/","title":{"rendered":"&#8220;Uma vida mais tranquila&#8221;. George e Amal Clooney s\u00e3o agora cidad\u00e3os franceses"},"content":{"rendered":"<p class=\"wp-caption-text top\"><a href=\"https:\/\/depositphotos.com\/editorial\/george-clooney-amal-alamuddin-117481004.html\" rel=\"nofollow noopener noreferrer\" data-wpel-link=\"exclude\" target=\"_blank\">arp \/ Depositphotos <\/a><\/p>\n<p><img decoding=\"async\" loading=\"lazy\" class=\"size-kopa-image-size-3 wp-image-709756\" src=\"https:\/\/www.europesays.com\/pt\/wp-content\/uploads\/2026\/01\/fab89b90b267ae3c4ad143929ff1af4f-783x450.jpg\" alt=\"\" width=\"700\" height=\"402\"  \/><\/p>\n<p class=\"wp-caption-text bot\">George e Amal Clooney<\/p>\n<p><strong>Afinal George Clooney j\u00e1 n\u00e3o vai para o Alentejo. O ator norte-americano, que adquiriu uma quinta em Fran\u00e7a, afirmou que viver no pa\u00eds lhe permitiu levar uma vida mais tranquila com a mulher, a advogada de direitos humanos Amal Clooney, e os dois filhos g\u00e9meros.<\/strong><\/p>\n<p>Fran\u00e7a concedeu a cidadania ao astro de Hollywood <strong>George Clooney<\/strong> e \u00e0 sua esposa, a advogada de direitos humanos <strong>Amal Clooney<\/strong>, segundo decretos governamentais recentemente publicados.<\/p>\n<p>Segundo o <a href=\"https:\/\/www.nytimes.com\/2025\/12\/30\/world\/europe\/george-clooney-amal-french-citizenship.html\" data-wpel-link=\"external\" target=\"_blank\" rel=\"nofollow external noopener noreferrer\" class=\"ext-link\">The New York Times<\/a>, as ordens de naturaliza\u00e7\u00e3o para o casal e para os filhos, g\u00e9meos de 8 anos, surgem em documentos divulgados pelo Minist\u00e9rio da Justi\u00e7a franc\u00eas. George Clooney, natural do Kentucky, nos EUA, mant\u00e9m a <strong>cidadania norte-americana<\/strong>, algo permitido pela legisla\u00e7\u00e3o francesa.<\/p>\n<p>Aos 64 anos, Clooney j\u00e1 elogiou a cultura francesa e sublinhou que as leis de privacidade do pa\u00eds lhes proporcionaram uma <strong>vida mais reservada<\/strong>.<\/p>\n<p>Numa <a href=\"https:\/\/www.youtube.com\/shorts\/RHv78epQSy4\" data-wpel-link=\"external\" target=\"_blank\" rel=\"nofollow external noopener noreferrer\" class=\"ext-link\">entrevista<\/a> \u00e0 r\u00e1dio francesa RTL, transmitida no in\u00edcio deste m\u00eas, Clooney, que em 2024 chegou a ponderar <a href=\"https:\/\/zap.aeiou.pt\/clooney-vizinho-duques-dussex-alentejo-635758\" data-wpel-link=\"internal\" rel=\"nofollow noopener\" target=\"_blank\">adquirir uma propriedade no Alentejo<\/a>, contou que a fam\u00edlia<strong> encontrou uma quinta em Fran\u00e7a pela qual se apaixonaram<\/strong>.<\/p>\n<p>\u201c<strong>Aqui, n\u00e3o tiram fotografias \u00e0s crian\u00e7as. N\u00e3o h\u00e1 paparazzi<\/strong> <strong>escondidos<\/strong> \u00e0s portas da escola. Isso \u00e9 o mais importante para n\u00f3s\u201d, afirmou. \u201cTamb\u00e9m temos uma casa nos Estados Unidos, mas<strong> o s\u00edtio onde somos mais felizes \u00e9 nesta quinta<\/strong>, onde as crian\u00e7as podem brincar \u00e0 vontade.\u201d<\/p>\n<p>Numa entrevista \u00e0 revista <a href=\"https:\/\/www.esquire.com\/entertainment\/movies\/a68136276\/george-clooney-jay-kelly-interview-2025\/\" data-wpel-link=\"external\" target=\"_blank\" rel=\"nofollow external noopener noreferrer\" class=\"ext-link\">Esquire<\/a>, publicada em outubro, Clooney explicou que a fam\u00edlia <strong>vive \u201cnuma quinta em Fran\u00e7a\u201d<\/strong>, que descreve como uma propriedade com <strong>40 hectares de vinhas, 1.200 oliveiras e uma horta<\/strong>. O ator \u00e9 ainda propriet\u00e1rio de uma villa junto ao Lago Como, nos contrafortes dos Alpes italianos.<\/p>\n<p>Segundo a imprensa francesa, os Clooney adquiriram a propriedade, situada numa vinha nos arredores de Brignoles, no sul do pa\u00eds, em 2021, por 10 milh\u00f5es de d\u00f3lares \u2014 cerca de <strong>8,5 milh\u00f5es de euros<\/strong>.<\/p>\n<p>O presidente da c\u00e2mara de Brignoles, <strong>Didier Br\u00e9mond<\/strong>, <a href=\"https:\/\/x.com\/DidierBremond\/status\/1418460393639448577\" data-wpel-link=\"external\" target=\"_blank\" rel=\"nofollow external noopener noreferrer\" class=\"ext-link\">partilhou<\/a> uma fotografia nas redes sociais em julho desse ano, onde aparece a receber o casal na nova resid\u00eancia.<\/p>\n<blockquote class=\"twitter-tweet\">\n<p dir=\"ltr\" lang=\"fr\">Bienvenue \u00e0 <a href=\"https:\/\/twitter.com\/hashtag\/Brignoles?src=hash&amp;ref_src=twsrc%5Etfw\" data-wpel-link=\"external\" target=\"_blank\" rel=\"nofollow external noopener noreferrer\" class=\"ext-link\">#Brignoles<\/a> !<\/p>\n<p>C\u2019est d\u00e9sormais officiel, George et Amal <a href=\"https:\/\/twitter.com\/hashtag\/Clooney?src=hash&amp;ref_src=twsrc%5Etfw\" data-wpel-link=\"external\" target=\"_blank\" rel=\"nofollow external noopener noreferrer\" class=\"ext-link\">#Clooney<\/a> sont r\u00e9sidents de notre belle commune. J\u2019ai eu le plaisir de les rencontrer, sur leur invitation, au Domaine du Canadel, o\u00f9 ils poseront prochainement leurs valises. <a href=\"https:\/\/t.co\/fukhxepKjt\" data-wpel-link=\"external\" target=\"_blank\" rel=\"nofollow external noopener noreferrer\" class=\"ext-link\">pic.twitter.com\/fukhxepKjt<\/a><\/p>\n<p>\u2014 Didier Bremond (@DidierBremond) <a href=\"https:\/\/twitter.com\/DidierBremond\/status\/1418460393639448577?ref_src=twsrc%5Etfw\" data-wpel-link=\"external\" target=\"_blank\" rel=\"nofollow external noopener noreferrer\" class=\"ext-link\">July 23, 2021<\/a><\/p>\n<\/blockquote>\n<p>No ano passado, Clooney gravou uma mensagem de Ano Novo na qual agradeceu a Br\u00e9mond e aos habitantes locais pela <strong>forma calorosa como foram recebidos<\/strong>.<\/p>\n<p>O <strong>momento escolhido pelo ator norte-americano <\/strong>para obter a cidadania \u00e9 particularmente oportuno: a partir do pr\u00f3ximo ano, o governo franc\u00eas ir\u00e1 exigir um <strong>n\u00edvel mais elevado de l\u00edngua francesa a estrangeiros<\/strong> que pretendam resid\u00eancia ou naturaliza\u00e7\u00e3o. Clooney contou \u00e0 RTL que est\u00e1 a tentar aprender franc\u00eas atrav\u00e9s da aplica\u00e7\u00e3o Duolingo, mas reconheceu que, com a idade, n\u00e3o \u00e9 tarefa f\u00e1cil.<\/p>\n<p>\u201c<strong>O meu franc\u00eas \u00e9 horr\u00edvel<\/strong>\u201d, admitiu Clooney no ano passado, pronunciando o adjetivo com um forte sotaque franc\u00eas, \u00e0 chegada \u00e0 inaugura\u00e7\u00e3o de um cinema em Brignoles.<\/p>\n<p>A carreira cinematogr\u00e1fica de Clooney, que se tornou famoso nos anos 1990 como <strong>Doug Ross na s\u00e9ria ER<\/strong>,\u00a0 estende-se por v\u00e1rias d\u00e9cadas e abrange com\u00e9dias, dramas e thrillers. Entre as distin\u00e7\u00f5es que recebeu, contam-se um \u00d3scar em 2006 pelo seu papel em \u201c<strong>Syriana<\/strong>\u201d e outro como co-produtor do drama \u201c<strong>Argo<\/strong>\u201d, de 2013.<\/p>\n<p>    <a href=\"https:\/\/zap.aeiou.pt\/subscrever-newsletter\" data-wpel-link=\"internal\" rel=\"nofollow noopener\" target=\"_blank\">&#13;<br \/>\n        <img loading=\"lazy\" decoding=\"async\" class=\"aligncenter size-full wp-image-575475\" src=\"https:\/\/www.europesays.com\/pt\/wp-content\/uploads\/2025\/12\/1765389371_545_2d51fe4a0ba54894421ead1809309ed9-1-450x140.jpg\" alt=\"Subscreva a Newsletter ZAP\" width=\"450\" height=\"140\"\/>&#13;<br \/>\n    <\/a><\/p>\n<p>                <a href=\"https:\/\/whatsapp.com\/channel\/0029VaIC4EE2f3EJZPPSbR34\" data-wpel-link=\"external\" target=\"_blank\" rel=\"nofollow external noopener noreferrer\" class=\"ext-link\">&#13;<br \/>\n                    <img loading=\"lazy\" decoding=\"async\" class=\"aligncenter size-full wp-image-575475\" src=\"https:\/\/www.europesays.com\/pt\/wp-content\/uploads\/2025\/12\/1765389371_770_c68c559d956d4ca20f435ed74a6e71e6.png\" alt=\"Siga-nos no WhatsApp\" width=\"175\" height=\"64\"\/>&#13;<br \/>\n                <\/a><\/p>\n<p>                <a href=\"https:\/\/news.google.com\/publications\/CAAiEHRwZondIV71PDjWNoqMduEqFAgKIhB0cGaJ3SFe9Tw41jaKjHbh?hl=en-US&amp;gl=US&amp;ceid=US%3Aen\" data-wpel-link=\"external\" target=\"_blank\" rel=\"nofollow external noopener noreferrer\" class=\"ext-link\">&#13;<br \/>\n                    <img loading=\"lazy\" decoding=\"async\" class=\"aligncenter size-full wp-image-575475\" src=\"https:\/\/www.europesays.com\/pt\/wp-content\/uploads\/2025\/12\/1765389372_556_5123dd8b087b644fdb8f8603acd1bad4.png\" alt=\"Siga-nos no Google News\" width=\"176\" height=\"64\"\/>&#13;<br \/>\n                <\/a><\/p>\n<p>                <script async src=\"https:\/\/platform.twitter.com\/widgets.js\" charset=\"utf-8\"><\/script><\/p>\n","protected":false},"excerpt":{"rendered":"arp \/ Depositphotos George e Amal Clooney Afinal George Clooney j\u00e1 n\u00e3o vai para o Alentejo. O ator&hellip;\n","protected":false},"author":2,"featured_media":210143,"comment_status":"","ping_status":"","sticky":false,"template":"","format":"standard","meta":{"footnotes":""},"categories":[145],"tags":[211,210,1561,470,114,115,413,208,32,33,218],"class_list":{"0":"post-210142","1":"post","2":"type-post","3":"status-publish","4":"format-standard","5":"has-post-thumbnail","7":"category-celebridades","8":"tag-celebridades","9":"tag-celebrities","10":"tag-cidadania","11":"tag-cinema","12":"tag-entertainment","13":"tag-entretenimento","14":"tag-eua","15":"tag-franca","16":"tag-portugal","17":"tag-pt","18":"tag-televisao"},"share_on_mastodon":{"url":"https:\/\/pubeurope.com\/@pt\/115818088600330344","error":""},"_links":{"self":[{"href":"https:\/\/www.europesays.com\/pt\/wp-json\/wp\/v2\/posts\/210142","targetHints":{"allow":["GET"]}}],"collection":[{"href":"https:\/\/www.europesays.com\/pt\/wp-json\/wp\/v2\/posts"}],"about":[{"href":"https:\/\/www.europesays.com\/pt\/wp-json\/wp\/v2\/types\/post"}],"author":[{"embeddable":true,"href":"https:\/\/www.europesays.com\/pt\/wp-json\/wp\/v2\/users\/2"}],"replies":[{"embeddable":true,"href":"https:\/\/www.europesays.com\/pt\/wp-json\/wp\/v2\/comments?post=210142"}],"version-history":[{"count":0,"href":"https:\/\/www.europesays.com\/pt\/wp-json\/wp\/v2\/posts\/210142\/revisions"}],"wp:featuredmedia":[{"embeddable":true,"href":"https:\/\/www.europesays.com\/pt\/wp-json\/wp\/v2\/media\/210143"}],"wp:attachment":[{"href":"https:\/\/www.europesays.com\/pt\/wp-json\/wp\/v2\/media?parent=210142"}],"wp:term":[{"taxonomy":"category","embeddable":true,"href":"https:\/\/www.europesays.com\/pt\/wp-json\/wp\/v2\/categories?post=210142"},{"taxonomy":"post_tag","embeddable":true,"href":"https:\/\/www.europesays.com\/pt\/wp-json\/wp\/v2\/tags?post=210142"}],"curies":[{"name":"wp","href":"https:\/\/api.w.org\/{rel}","templated":true}]}}