{"id":210155,"date":"2026-01-01T05:57:09","date_gmt":"2026-01-01T05:57:09","guid":{"rendered":"https:\/\/www.europesays.com\/pt\/210155\/"},"modified":"2026-01-01T05:57:09","modified_gmt":"2026-01-01T05:57:09","slug":"francisco-monteiro-acaba-2025-a-enfrentar-contratempo-melhor-maneira-de-acabar-o-ano","status":"publish","type":"post","link":"https:\/\/www.europesays.com\/pt\/210155\/","title":{"rendered":"Francisco Monteiro acaba 2025 a enfrentar contratempo: &#8220;Melhor maneira de acabar o ano&#8221;"},"content":{"rendered":"<p><a href=\"https:\/\/selfie.iol.pt\/famosos\/casa-dos-segredos\/momento-raro-marcia-soares-partilha-imagens-marcantes-e-francisco-monteiro-reage-com-quatro-palavras\/20261228\/69512b3ed34e3caad84cd89e\" target=\"_blank\" rel=\"nofollow noopener\">Francisco Monteiro<\/a> n\u00e3o terminou 2025 sem passar por um contratempo.<\/p>\n<p>Por interm\u00e9dio do Instagram, o comentador da nona edi\u00e7\u00e3o do reality show da <a href=\"https:\/\/tvi.iol.pt\/\" target=\"_blank\" rel=\"nofollow noopener\">TVI<\/a> &#8220;<a href=\"https:\/\/tvi.iol.pt\/secretstory\/\" target=\"_blank\" rel=\"nofollow noopener\">Secret Story<\/a> &#8211; Casa dos Segredos&#8221; explicou o que aconteceu, acompanhando o desabafo com uma fotografia que mostra o imprevisto que viveu.<\/p>\n<p>&#8220;Melhor maneira de acabar o ano. A furar um pneu. Adoramos&#8221;, ironizou Francisco Monteiro, mais conhecido como Zaza.<\/p>\n<p>Veja, agora, nas galerias que prepar\u00e1mos para si, as melhores imagens de <a href=\"https:\/\/selfie.iol.pt\/famosos\/secret-story-casa-dos-segredos-9\/marcia-soares-e-francisco-monteiro-reencontram-se-em-direto-e-o-inesperado-acontece\/20261230\/695421b8d34e3caad84cf2a6\" target=\"_blank\" rel=\"nofollow noopener\">Francisco Monteiro<\/a>.<\/p>\n<p style=\"text-align:center\"><img loading=\"lazy\" decoding=\"async\" alt=\"\" height=\"889\" src=\"https:\/\/www.europesays.com\/pt\/wp-content\/uploads\/2026\/01\/6955bca2d34e3caad84cfacc.webp\" width=\"500\"\/><\/p>\n<p>\u00a0<\/p>\n","protected":false},"excerpt":{"rendered":"Francisco Monteiro n\u00e3o terminou 2025 sem passar por um contratempo. Por interm\u00e9dio do Instagram, o comentador da nona&hellip;\n","protected":false},"author":2,"featured_media":36197,"comment_status":"","ping_status":"","sticky":false,"template":"","format":"standard","meta":{"footnotes":""},"categories":[145],"tags":[2632,13471,211,210,13933,114,115,980,2071,1015,619,32,33,1014,1315,6985,16687,16686,1012,6986,16688,162,12181],"class_list":{"0":"post-210155","1":"post","2":"type-post","3":"status-publish","4":"format-standard","5":"has-post-thumbnail","7":"category-celebridades","8":"tag-casa-dos-segredos","9":"tag-casa-dos-segredos-9","10":"tag-celebridades","11":"tag-celebrities","12":"tag-comentador","13":"tag-entertainment","14":"tag-entretenimento","15":"tag-famosos","16":"tag-francisco-monteiro","17":"tag-instagram","18":"tag-nacional","19":"tag-portugal","20":"tag-pt","21":"tag-reality-show","22":"tag-secret-story","23":"tag-secret-story-casa-dos-segredos","24":"tag-secret-story-casa-dos-segredos-9","25":"tag-secret-story-9","26":"tag-selfie","27":"tag-ss","28":"tag-ss9","29":"tag-tvi","30":"tag-zaza"},"share_on_mastodon":{"url":"https:\/\/pubeurope.com\/@pt\/115818308745126750","error":""},"_links":{"self":[{"href":"https:\/\/www.europesays.com\/pt\/wp-json\/wp\/v2\/posts\/210155","targetHints":{"allow":["GET"]}}],"collection":[{"href":"https:\/\/www.europesays.com\/pt\/wp-json\/wp\/v2\/posts"}],"about":[{"href":"https:\/\/www.europesays.com\/pt\/wp-json\/wp\/v2\/types\/post"}],"author":[{"embeddable":true,"href":"https:\/\/www.europesays.com\/pt\/wp-json\/wp\/v2\/users\/2"}],"replies":[{"embeddable":true,"href":"https:\/\/www.europesays.com\/pt\/wp-json\/wp\/v2\/comments?post=210155"}],"version-history":[{"count":0,"href":"https:\/\/www.europesays.com\/pt\/wp-json\/wp\/v2\/posts\/210155\/revisions"}],"wp:featuredmedia":[{"embeddable":true,"href":"https:\/\/www.europesays.com\/pt\/wp-json\/wp\/v2\/media\/36197"}],"wp:attachment":[{"href":"https:\/\/www.europesays.com\/pt\/wp-json\/wp\/v2\/media?parent=210155"}],"wp:term":[{"taxonomy":"category","embeddable":true,"href":"https:\/\/www.europesays.com\/pt\/wp-json\/wp\/v2\/categories?post=210155"},{"taxonomy":"post_tag","embeddable":true,"href":"https:\/\/www.europesays.com\/pt\/wp-json\/wp\/v2\/tags?post=210155"}],"curies":[{"name":"wp","href":"https:\/\/api.w.org\/{rel}","templated":true}]}}