{"id":210193,"date":"2026-01-01T08:24:07","date_gmt":"2026-01-01T08:24:07","guid":{"rendered":"https:\/\/www.europesays.com\/pt\/210193\/"},"modified":"2026-01-01T08:24:07","modified_gmt":"2026-01-01T08:24:07","slug":"investigacao-confirma-este-simples-traco-humano-mantem-o-cerebro-jovem-e-adia-o-envelhecimento","status":"publish","type":"post","link":"https:\/\/www.europesays.com\/pt\/210193\/","title":{"rendered":"Investiga\u00e7\u00e3o confirma: este simples tra\u00e7o humano mant\u00e9m o c\u00e9rebro jovem e adia o envelhecimento"},"content":{"rendered":"<p>Cientistas descobriram que uma caracter\u00edstica inteiramente humana, acess\u00edvel a todos, pode ter um efeito poderoso e real na desacelera\u00e7\u00e3o do processo de envelhecimento do c\u00e9rebro: a capacidade de fazer e manter liga\u00e7\u00f5es sociais.<\/p>\n<p>Investiga\u00e7\u00e3o realizada recentemente em milhares de adultos e cujos resultados foram publicados em outubro de 2025, mostra que a criatividade na constru\u00e7\u00e3o de rela\u00e7\u00f5es sociais e no aprofundamento dessas rela\u00e7\u00f5es afeta diretamente os mecanismos biol\u00f3gicos respons\u00e1veis pelo envelhecimento no c\u00e9rebro.<\/p>\n<p>Em termos mais simples, sentimentos de amizade, amor e um sentimento de perten\u00e7a a um coletivo podem retardar de forma muito tang\u00edvel o processo de envelhecimento do c\u00e9rebro.<\/p>\n<p>O que \u00e9 a &#8220;idade cerebral&#8221; e por que \u00e9 mais importante do que a sua idade cronol\u00f3gica?<\/p>\n<p>Tal como outros \u00f3rg\u00e3os do corpo, o nosso c\u00e9rebro muda com o tempo. Uma redu\u00e7\u00e3o da mat\u00e9ria cinzenta, o afinamento do c\u00f3rtex cerebral e altera\u00e7\u00f5es vasculares podem ser observados em exames de resson\u00e2ncia magn\u00e9tica. A soma dessas altera\u00e7\u00f5es \u00e9 o que os cientistas chamam de &#8220;idade cerebral&#8221;.<\/p>\n<p>Durante anos, pensava-se que o processo de envelhecimento do c\u00e9rebro era irrevers\u00edvel e dependia inteiramente da gen\u00e9tica ou do destino; no entanto, os avan\u00e7os na neuroci\u00eancia dissiparam essa cren\u00e7a.<\/p>\n<p>Um grande estudo realizado no centro de investiga\u00e7\u00e3o MIDUS dos EUA, que analisou a atividade cerebral de mais de 2000 adultos ao longo de v\u00e1rios anos, revelou uma descoberta surpreendente: o processo de envelhecimento do c\u00e9rebro era mais lento em indiv\u00edduos que tinham rela\u00e7\u00f5es sociais mais ativas, calorosas e est\u00e1veis do que outros.<\/p>\n<p>Por outras palavras, o calor de fazer parte de uma fam\u00edlia, participar em programas religiosos ou sociais e receber apoio emocional de amigos e entes queridos pode ter um efeito milagroso na capacidade do c\u00e9rebro.<\/p>\n<p>A qualidade da amizade \u00e9 mais importante que a sua quantidade<\/p>\n<p>Agora a quest\u00e3o \u00e9: ser\u00e1 preciso ter muitos amigos para beneficiar deste efeito? A resposta \u00e9 n\u00e3o. Porque a qualidade supera a quantidade, e um pequeno mas forte anel de amigos \u00e9 suficiente para proteger o c\u00e9rebro.<\/p>\n<p>Os investigadores enfatizam ainda que nunca \u00e9 tarde para fortalecer as rela\u00e7\u00f5es sociais e assim fortalecer o poder do c\u00e9rebro. Mesmo nos 60 ou 70 anos, o c\u00e9rebro continua receptivo a novas liga\u00e7\u00f5es.<\/p>\n<p>Por isso, todos s\u00e3o aconselhados a combater a solid\u00e3o, sobretudo numa idade mais avan\u00e7ada, a n\u00e3o deixar de fazer trabalho volunt\u00e1rio, por mais pequeno que seja, para frequentar programas de grupos comunit\u00e1rios e at\u00e9 atividades nas redes sociais. Todas estas s\u00e3o formas de fazer ou recriar liga\u00e7\u00f5es.<\/p>\n<p>Usando novas tecnologias de imagem cerebral, os investigadores descobriram que ter liga\u00e7\u00f5es sociais tem tr\u00eas vantagens importantes:<\/p>\n<p>&#8211; Reduz a inflama\u00e7\u00e3o sist\u00e9mica; o que torna o c\u00e9rebro melhor protegido da sua passagem.<\/p>\n<p>&#8211; Reduz as atividades neuroend\u00f3crinas nocivas; que est\u00e3o frequentemente associadas ao stress cr\u00f3nico e aceleram o envelhecimento celular.<\/p>\n<p>&#8211; Diminui\u00e7\u00e3o das altera\u00e7\u00f5es epigen\u00e9ticas relacionadas com a idade; que coordenam processos associados ao envelhecimento.<\/p>\n<p>Criatividade: o Segundo Pilar da Juventude do C\u00e9rebro<\/p>\n<p>Depois das rela\u00e7\u00f5es sociais, a criatividade e a aprendizagem ativa \u00e9 o segundo fator mais poderoso na manuten\u00e7\u00e3o da juventude do c\u00e9rebro.<\/p>\n<p>Um estudo internacional publicado na revista Nature Communications intitulado \u201cExperi\u00eancias Criativas e o Rel\u00f3gio do C\u00e9rebro\u201d descobriu que \u201crealizar atividades criativas regulares\u201d como dan\u00e7ar, tocar um instrumento, desenhar e at\u00e9 videojogos retarda o envelhecimento biol\u00f3gico do c\u00e9rebro.<\/p>\n<p>Na verdade, a atividade criativa coloca o c\u00e9rebro num \u201cverdadeiro exerc\u00edcio neural\u201d.<\/p>\n<p>Quando nos envolvemos numa atividade criativa, estimulamos simultaneamente a mem\u00f3ria e a aten\u00e7\u00e3o, a linguagem, a coordena\u00e7\u00e3o motora e as emo\u00e7\u00f5es. Como resultado, as liga\u00e7\u00f5es entre algumas regi\u00f5es-chave do c\u00e9rebro (especialmente as regi\u00f5es frontal-temporais) permanecem ativas, flex\u00edveis e eficientes.<\/p>\n<p>Quanto mais estas \u00e1reas s\u00e3o estimuladas, mais resistentes tornam-se \u00e0 deteriora\u00e7\u00e3o relacionada com a idade. N\u00e3o se trata de talento mas de uma quest\u00e3o importante, de continuidade no trabalho.<\/p>\n<p><strong>Que tipos de atividades s\u00e3o mais ben\u00e9ficas?<\/strong><\/p>\n<p>O que importa \u00e9 a participa\u00e7\u00e3o ativa. At\u00e9 mesmo pintar sobre um modelo, escrever hist\u00f3rias e cozinhar uma receita complexa requerem aten\u00e7\u00e3o e um pouco de desafio mental e s\u00e3o importantes para o c\u00e9rebro.<\/p>\n<p>A ideia n\u00e3o \u00e9 apenas entretenimento, \u00e9 criar algo novo.<\/p>\n<p>Especialistas alertam: a solid\u00e3o acelera o decl\u00ednio cognitivo<\/p>\n<p>Os neurocientistas afirmam que o isolamento e a priva\u00e7\u00e3o do contacto humano atuam como um veneno silencioso, enfraquecendo gradualmente o c\u00e9rebro ao longo do tempo. <\/p>\n<p>Um estudo publicado em 2024 na revista Nature Mental Health destacou uma estat\u00edstica chocante: a solid\u00e3o aumenta o risco de dem\u00eancia em 31%. <\/p>\n<p>O estilo de vida das pessoas em regi\u00f5es do mundo onde os idosos vivem at\u00e9 aos 100 anos tamb\u00e9m confirma essas descobertas. L\u00e1, o apoio m\u00fatuo, as refei\u00e7\u00f5es partilhadas e a solidariedade intergeracional fazem parte da vida cotidiana e contribuem para a longevidade.<\/p>\n<p>Outras tr\u00eas alavancas comprovadas contra o envelhecimento do c\u00e9rebro s\u00e3o:<\/p>\n<p>&#8211; Atividade f\u00edsica regular: seja jardinagem, caminhada r\u00e1pida ou exerc\u00edcios leves, o movimento melhora a circula\u00e7\u00e3o cerebral e protege os neur\u00f3nios.<\/p>\n<p>&#8211; Sono de qualidade: um sono repousante e restaurador preserva a estrutura cerebral e limita a ocorr\u00eancia de danos.<\/p>\n<p>&#8211; Aprendizagem cont\u00ednua: tocar um instrumento musical, aprender uma nova l\u00edngua ou qualquer atividade que envolva a mem\u00f3ria e a aten\u00e7\u00e3o aumenta a resili\u00eancia do c\u00e9rebro.<\/p>\n<p>Entre as pessoas com mais de 80 anos cujos c\u00e9rebros permaneceram notavelmente saud\u00e1veis, estes tr\u00eas fatores est\u00e3o presentes; no entanto, a estabilidade emocional e as rela\u00e7\u00f5es humanas ricas continuam a ser a base da sa\u00fade cerebral.<\/p>\n","protected":false},"excerpt":{"rendered":"Cientistas descobriram que uma caracter\u00edstica inteiramente humana, acess\u00edvel a todos, pode ter um efeito poderoso e real na&hellip;\n","protected":false},"author":2,"featured_media":210194,"comment_status":"","ping_status":"","sticky":false,"template":"","format":"standard","meta":{"footnotes":""},"categories":[86],"tags":[4288,1490,116,3385,32,33,117],"class_list":{"0":"post-210193","1":"post","2":"type-post","3":"status-publish","4":"format-standard","5":"has-post-thumbnail","7":"category-saude","8":"tag-cerebro","9":"tag-envelhecimento","10":"tag-health","11":"tag-idosos","12":"tag-portugal","13":"tag-pt","14":"tag-saude"},"share_on_mastodon":{"url":"https:\/\/pubeurope.com\/@pt\/115818886800122927","error":""},"_links":{"self":[{"href":"https:\/\/www.europesays.com\/pt\/wp-json\/wp\/v2\/posts\/210193","targetHints":{"allow":["GET"]}}],"collection":[{"href":"https:\/\/www.europesays.com\/pt\/wp-json\/wp\/v2\/posts"}],"about":[{"href":"https:\/\/www.europesays.com\/pt\/wp-json\/wp\/v2\/types\/post"}],"author":[{"embeddable":true,"href":"https:\/\/www.europesays.com\/pt\/wp-json\/wp\/v2\/users\/2"}],"replies":[{"embeddable":true,"href":"https:\/\/www.europesays.com\/pt\/wp-json\/wp\/v2\/comments?post=210193"}],"version-history":[{"count":0,"href":"https:\/\/www.europesays.com\/pt\/wp-json\/wp\/v2\/posts\/210193\/revisions"}],"wp:featuredmedia":[{"embeddable":true,"href":"https:\/\/www.europesays.com\/pt\/wp-json\/wp\/v2\/media\/210194"}],"wp:attachment":[{"href":"https:\/\/www.europesays.com\/pt\/wp-json\/wp\/v2\/media?parent=210193"}],"wp:term":[{"taxonomy":"category","embeddable":true,"href":"https:\/\/www.europesays.com\/pt\/wp-json\/wp\/v2\/categories?post=210193"},{"taxonomy":"post_tag","embeddable":true,"href":"https:\/\/www.europesays.com\/pt\/wp-json\/wp\/v2\/tags?post=210193"}],"curies":[{"name":"wp","href":"https:\/\/api.w.org\/{rel}","templated":true}]}}