{"id":210222,"date":"2026-01-01T09:08:23","date_gmt":"2026-01-01T09:08:23","guid":{"rendered":"https:\/\/www.europesays.com\/pt\/210222\/"},"modified":"2026-01-01T09:08:23","modified_gmt":"2026-01-01T09:08:23","slug":"eclipse-do-seculo-vai-ter-6-minutos-de-escuridao","status":"publish","type":"post","link":"https:\/\/www.europesays.com\/pt\/210222\/","title":{"rendered":"&#8220;Eclipse do s\u00e9culo&#8221; vai ter 6 minutos de escurid\u00e3o"},"content":{"rendered":"<p>Por <\/p>\n<p>\t\t\t\tReda\u00e7\u00e3o O Sul\t<\/p>\n<p>\t\t\t\t | 30 de dezembro de 2025<\/p>\n<p>\t\t\t\t<img width=\"1200\" height=\"630\" src=\"https:\/\/www.europesays.com\/pt\/wp-content\/uploads\/2026\/01\/s0d2s1.jpg\" class=\"attachment-post-thumbnail size-post-thumbnail wp-post-image\" alt=\"\" decoding=\"async\" fetchpriority=\"high\"   data-pagespeed-url-hash=\"797467554\" onload=\"pagespeed.CriticalImages.checkImageForCriticality(this);\"\/>\t\t\t\t<\/p>\n<p>No dia 2 de agosto de 2027, essa faixa ter\u00e1 aproximadamente 258 quil\u00f4metros de largura e se estender\u00e1 por 15.227 quil\u00f4metros sobre a superf\u00edcie terrestre.(Foto: Nasa)\t\t\t\t\t<\/p>\n<p>\t\t\t \t\t\t\ud83d\udd0a Ou\u00e7a essa not\u00edcia clicando aqui<\/p>\n<p>O eclipse solar de 2027 ser\u00e1 o mais longo do s\u00e9culo 21 e ocorrer\u00e1 no dia 2 de agosto. O fen\u00f4meno ter\u00e1 sua dura\u00e7\u00e3o m\u00e1xima de escurid\u00e3o total estimada em mais de seis minutos, sendo vis\u00edvel em diversas regi\u00f5es do Hemisf\u00e9rio Oriental, incluindo partes da Europa, \u00c1frica e \u00c1sia.<\/p>\n<p><strong>Onde ser\u00e1 poss\u00edvel ver o eclipse solar?<\/strong><\/p>\n<p>Embora grande parte da Europa, \u00c1frica e sul da \u00c1sia conseguir\u00e1 observar o eclipse de forma parcial, a fase de totalidade \u2014 quando a Lua cobre completamente o Sol \u2014 ser\u00e1 vis\u00edvel apenas dentro de uma estreita faixa de sombra que atravessar\u00e1 dez pa\u00edses: Espanha, Marrocos, Arg\u00e9lia, Tun\u00edsia, L\u00edbia, Egito, Sud\u00e3o, Ar\u00e1bia Saudita, I\u00eamen e Som\u00e1lia, segundo o site Eclipse Wise.<\/p>\n<p><strong>Quanto tempo vai durar o eclipse solar?<\/strong><\/p>\n<p>De acordo com o portal especializado Space, esse evento est\u00e1 sendo chamado de \u201co eclipse do s\u00e9culo\u201d devido \u00e0 sua dura\u00e7\u00e3o excepcional. Na data, a Lua cobrir\u00e1 totalmente o Sol por at\u00e9 6 minutos e 22 segundos, o que representa o maior per\u00edodo de totalidade sobre terra firme em todo o s\u00e9culo XXI.<\/p>\n<p>Para compara\u00e7\u00e3o, o eclipse solar total de 8 de abril de 2024, que cruzou o M\u00e9xico, os Estados Unidos e o Canad\u00e1, teve uma totalidade m\u00e1xima de 4 minutos e 28 segundos, considerada longa. Ainda assim, o eclipse de 2027 deve superar amplamente esse tempo, oferecendo uma oportunidade \u00fanica tanto para observadores quanto para pesquisadores.<\/p>\n<p>Vale destacar que a faixa de totalidade do eclipse de 2027 \u2014 quando o c\u00e9u escurece em um efeito semelhante a um crep\u00fasculo de 360 graus \u2014 ser\u00e1 mais larga do que o normal, j\u00e1 que a Lua estar\u00e1 em seu ponto mais pr\u00f3ximo da Terra (o chamado perigeu).<\/p>\n<p>No dia 2 de agosto de 2027, essa faixa ter\u00e1 aproximadamente 258 quil\u00f4metros de largura e se estender\u00e1 por 15.227 quil\u00f4metros sobre a superf\u00edcie terrestre. No total, cobrir\u00e1 cerca de 2,5 milh\u00f5es de quil\u00f4metros quadrados \u2014 uma \u00e1rea significativa, embora ainda pequena se comparada aos 510 milh\u00f5es de km\u00b2 da superf\u00edcie total do planeta.<\/p>\n<p><strong>Como acontece um eclipse solar?<\/strong><\/p>\n<p>Como explica a Nasa, um eclipse \u00e9 um fen\u00f4meno celeste capaz de causar admira\u00e7\u00e3o ao mudar drasticamente a apar\u00eancia do Sol e da Lua, os dois corpos mais vis\u00edveis no c\u00e9u. Na Terra, um eclipse solar ocorre quando Terra, Lua e Sol se alinham. Dependendo da forma como isso acontece, o fen\u00f4meno pode oferecer uma vis\u00e3o \u00fanica e impressionante.<\/p>\n<p>O eclipse solar acontece quando a Lua passa entre o Sol e a Terra, projetando uma sombra sobre o planeta que bloqueia total ou parcialmente a luz solar em determinadas regi\u00f5es. Isso s\u00f3 ocorre ocasionalmente, j\u00e1 que a \u00f3rbita da Lua n\u00e3o est\u00e1 no mesmo plano exato da Terra e do Sol. O per\u00edodo em que esses alinhamentos s\u00e3o poss\u00edveis \u00e9 conhecido como temporada de eclipses, que acontece duas vezes por ano. Com informa\u00e7\u00f5es do portal O Globo.<\/p>\n<p class=\"backBTN clearfix\">\n\t<a class=\"button\" href=\"https:\/\/www.osul.com.br\/em-2027-eclipse-do-seculo-vai-ter-6-minutos-de-escuridao-veja-quando-dia-vai-virar-noite\/JavaScript:Void(0)\" onclick=\"history.go(-1);\" rel=\"nofollow noopener\" target=\"_blank\"> Voltar <\/a><br \/>\n\t\t\t<a class=\"button\" href=\"https:\/\/www.osul.com.br\/variedades\/\" rel=\"nofollow noopener\" target=\"_blank\"> Todas de Variedades<\/a>\t\t\t<\/p>\n<blockquote class=\"wp-embedded-content\" data-secret=\"DA57BwkeWv\"><p><a href=\"https:\/\/www.osul.com.br\/em-2027-eclipse-do-seculo-vai-ter-6-minutos-de-escuridao-veja-quando-dia-vai-virar-noite\/\" rel=\"nofollow noopener\" target=\"_blank\">&#8220;Eclipse do s\u00e9culo&#8221; vai ter 6 minutos de escurid\u00e3o<\/a><\/p><\/blockquote>\n<p><iframe loading=\"lazy\" class=\"wp-embedded-content\" sandbox=\"allow-scripts\" security=\"restricted\" style=\"position: absolute; visibility: hidden;\" title=\"&#8220;&#8220;Eclipse do s\u00e9culo&#8221; vai ter 6 minutos de escurid\u00e3o&#8221; &#8212; Jornal O Sul\" src=\"https:\/\/www.osul.com.br\/em-2027-eclipse-do-seculo-vai-ter-6-minutos-de-escuridao-veja-quando-dia-vai-virar-noite\/embed\/#?secret=omJGohVWVC#?secret=DA57BwkeWv\" data-secret=\"DA57BwkeWv\" width=\"600\" height=\"338\" frameborder=\"0\" marginwidth=\"0\" marginheight=\"0\" scrolling=\"no\"><\/iframe><br \/>\n\u201cEclipse do s\u00e9culo\u201d vai ter 6 minutos de escurid\u00e3o<br \/>\n2025-12-30<\/p>\n","protected":false},"excerpt":{"rendered":"Por Reda\u00e7\u00e3o O Sul | 30 de dezembro de 2025 No dia 2 de agosto de 2027, essa&hellip;\n","protected":false},"author":2,"featured_media":210223,"comment_status":"","ping_status":"","sticky":false,"template":"","format":"standard","meta":{"footnotes":""},"categories":[84],"tags":[109,107,108,32,33,105,103,104,106,110],"class_list":{"0":"post-210222","1":"post","2":"type-post","3":"status-publish","4":"format-standard","5":"has-post-thumbnail","7":"category-ciencia-e-tecnologia","8":"tag-ciencia","9":"tag-ciencia-e-tecnologia","10":"tag-cienciaetecnologia","11":"tag-portugal","12":"tag-pt","13":"tag-science","14":"tag-science-and-technology","15":"tag-scienceandtechnology","16":"tag-technology","17":"tag-tecnologia"},"share_on_mastodon":{"url":"https:\/\/pubeurope.com\/@pt\/115819059943809084","error":""},"_links":{"self":[{"href":"https:\/\/www.europesays.com\/pt\/wp-json\/wp\/v2\/posts\/210222","targetHints":{"allow":["GET"]}}],"collection":[{"href":"https:\/\/www.europesays.com\/pt\/wp-json\/wp\/v2\/posts"}],"about":[{"href":"https:\/\/www.europesays.com\/pt\/wp-json\/wp\/v2\/types\/post"}],"author":[{"embeddable":true,"href":"https:\/\/www.europesays.com\/pt\/wp-json\/wp\/v2\/users\/2"}],"replies":[{"embeddable":true,"href":"https:\/\/www.europesays.com\/pt\/wp-json\/wp\/v2\/comments?post=210222"}],"version-history":[{"count":0,"href":"https:\/\/www.europesays.com\/pt\/wp-json\/wp\/v2\/posts\/210222\/revisions"}],"wp:featuredmedia":[{"embeddable":true,"href":"https:\/\/www.europesays.com\/pt\/wp-json\/wp\/v2\/media\/210223"}],"wp:attachment":[{"href":"https:\/\/www.europesays.com\/pt\/wp-json\/wp\/v2\/media?parent=210222"}],"wp:term":[{"taxonomy":"category","embeddable":true,"href":"https:\/\/www.europesays.com\/pt\/wp-json\/wp\/v2\/categories?post=210222"},{"taxonomy":"post_tag","embeddable":true,"href":"https:\/\/www.europesays.com\/pt\/wp-json\/wp\/v2\/tags?post=210222"}],"curies":[{"name":"wp","href":"https:\/\/api.w.org\/{rel}","templated":true}]}}