{"id":210275,"date":"2026-01-01T10:35:11","date_gmt":"2026-01-01T10:35:11","guid":{"rendered":"https:\/\/www.europesays.com\/pt\/210275\/"},"modified":"2026-01-01T10:35:11","modified_gmt":"2026-01-01T10:35:11","slug":"jovem-morre-numa-colisao-frontal-na-en101-em-vila-verde","status":"publish","type":"post","link":"https:\/\/www.europesays.com\/pt\/210275\/","title":{"rendered":"Jovem morre numa colis\u00e3o frontal na EN101 em Vila Verde"},"content":{"rendered":"<p data-remotead-prev-elm=\"true\" data-remotead-elm-id=\"inread\">A v\u00edtima mortal seguia num dos tr\u00eas autom\u00f3veis envolvidos numa colis\u00e3o, cerca das 7.30 horas, na chamada Variante do C\u00e1vado, que liga Vila Verde com Prado.<\/p>\n<p>No teatro de opera\u00e7\u00f5es estiveram os Bombeiros Volunt\u00e1rios de Vila Verde, o Batalh\u00e3o de Sapadores Bombeiros de Braga, o INEM, a GNR de Vila Verde e o Destacamento de Tr\u00e2nsito da GNR de Braga.<\/p>\n<p>A conhecida como Variante do C\u00e1vado, na Estrada Nacional 101, \u00e9 palco frequente de colis\u00f5es frontais &#8211; s\u00f3 tem uma faixa de circula\u00e7\u00e3o em cada sentido e s\u00e3o muito comuns as ultrapassagens com a invas\u00e3o da faixa contr\u00e1ria.<\/p>\n","protected":false},"excerpt":{"rendered":"A v\u00edtima mortal seguia num dos tr\u00eas autom\u00f3veis envolvidos numa colis\u00e3o, cerca das 7.30 horas, na chamada Variante&hellip;\n","protected":false},"author":2,"featured_media":210276,"comment_status":"","ping_status":"","sticky":false,"template":"","format":"standard","meta":{"footnotes":""},"categories":[10],"tags":[1455,27,28,41298,15,16,14,25,26,21,22,12,13,19,20,32,23,24,33,13144,17,18,29,30,31],"class_list":{"0":"post-210275","1":"post","2":"type-post","3":"status-publish","4":"format-standard","5":"has-post-thumbnail","7":"category-portugal","8":"tag-acidentes","9":"tag-breaking-news","10":"tag-breakingnews","11":"tag-concelho-vila-verde","12":"tag-featured-news","13":"tag-featurednews","14":"tag-headlines","15":"tag-latest-news","16":"tag-latestnews","17":"tag-main-news","18":"tag-mainnews","19":"tag-news","20":"tag-noticias","21":"tag-noticias-principais","22":"tag-noticiasprincipais","23":"tag-portugal","24":"tag-principais-noticias","25":"tag-principaisnoticias","26":"tag-pt","27":"tag-sinistralidade","28":"tag-top-stories","29":"tag-topstories","30":"tag-ultimas","31":"tag-ultimas-noticias","32":"tag-ultimasnoticias"},"share_on_mastodon":{"url":"https:\/\/pubeurope.com\/@pt\/115819401967710213","error":""},"_links":{"self":[{"href":"https:\/\/www.europesays.com\/pt\/wp-json\/wp\/v2\/posts\/210275","targetHints":{"allow":["GET"]}}],"collection":[{"href":"https:\/\/www.europesays.com\/pt\/wp-json\/wp\/v2\/posts"}],"about":[{"href":"https:\/\/www.europesays.com\/pt\/wp-json\/wp\/v2\/types\/post"}],"author":[{"embeddable":true,"href":"https:\/\/www.europesays.com\/pt\/wp-json\/wp\/v2\/users\/2"}],"replies":[{"embeddable":true,"href":"https:\/\/www.europesays.com\/pt\/wp-json\/wp\/v2\/comments?post=210275"}],"version-history":[{"count":0,"href":"https:\/\/www.europesays.com\/pt\/wp-json\/wp\/v2\/posts\/210275\/revisions"}],"wp:featuredmedia":[{"embeddable":true,"href":"https:\/\/www.europesays.com\/pt\/wp-json\/wp\/v2\/media\/210276"}],"wp:attachment":[{"href":"https:\/\/www.europesays.com\/pt\/wp-json\/wp\/v2\/media?parent=210275"}],"wp:term":[{"taxonomy":"category","embeddable":true,"href":"https:\/\/www.europesays.com\/pt\/wp-json\/wp\/v2\/categories?post=210275"},{"taxonomy":"post_tag","embeddable":true,"href":"https:\/\/www.europesays.com\/pt\/wp-json\/wp\/v2\/tags?post=210275"}],"curies":[{"name":"wp","href":"https:\/\/api.w.org\/{rel}","templated":true}]}}