{"id":210297,"date":"2026-01-01T10:59:09","date_gmt":"2026-01-01T10:59:09","guid":{"rendered":"https:\/\/www.europesays.com\/pt\/210297\/"},"modified":"2026-01-01T10:59:09","modified_gmt":"2026-01-01T10:59:09","slug":"liliana-filipa-partilha-fotografias-do-brasil-e-ha-um-detalhe-impossivel-de-ignorar-secret-story","status":"publish","type":"post","link":"https:\/\/www.europesays.com\/pt\/210297\/","title":{"rendered":"Liliana Filipa partilha fotografias do Brasil e h\u00e1 um detalhe imposs\u00edvel de ignorar &#8211; Secret Story"},"content":{"rendered":"<p>\n                    Liliana Filipa partilha fotos no Brasil, em fam\u00edlia, mas h\u00e1 um detalhe que n\u00e3o passa despercebido.\n                <\/p>\n<p style=\"margin-bottom:11px\"><strong>Liliana Filipa trocou o frio pelo sol do Brasil <\/strong>e as redes sociais n\u00e3o perdoaram o detalhe. A <a href=\"https:\/\/tvi.iol.pt\/secretstory\/search?pagina=1&amp;pesquisa=liliana+filipa\" rel=\"nofollow noopener\" target=\"_blank\">empres\u00e1ria e ex-concorrente<\/a> partilhou, na passada ter\u00e7a-feira, 30 de dezembro, <strong>um carrossel de fotografias da viagem tropical<\/strong>, mas a aus\u00eancia de algu\u00e9m especial n\u00e3o passou despercebida.<\/p>\n<p><a href=\"https:\/\/tvi.iol.pt\/secretstory\/search?pagina=1&amp;pesquisa=liliana+filipa\" rel=\"nofollow noopener\" target=\"_blank\">Nas imagens publicadas<\/a>,<strong> Liliana Filipa surge em momentos escaldantes ao lado dos filhos<\/strong>, Santi e Ariel, e de alguns amigos. Mais uma vez, a viagem foi feita sem Daniel Greg\u00f3rio.<\/p>\n<p>\u00abAqui \u00e9 Brasil \ud83c\udde7\ud83c\uddf7. mar, lancha, churrasco, fam\u00edlia &amp; amigos &lt;3\u00bb, escreveu a empres\u00e1ria na legenda.<\/p>\n<p><strong>Percorra agora a galeria de fotos que prepar\u00e1mos para si.<\/strong><\/p>\n","protected":false},"excerpt":{"rendered":"Liliana Filipa partilha fotos no Brasil, em fam\u00edlia, mas h\u00e1 um detalhe que n\u00e3o passa despercebido. Liliana Filipa&hellip;\n","protected":false},"author":2,"featured_media":184804,"comment_status":"","ping_status":"","sticky":false,"template":"","format":"standard","meta":{"footnotes":""},"categories":[142],"tags":[18706,114,115,18705,3755,3436,32,33,151,18704],"class_list":{"0":"post-210297","1":"post","2":"type-post","3":"status-publish","4":"format-standard","5":"has-post-thumbnail","7":"category-tv","8":"tag-bastidores-secret-story","9":"tag-entertainment","10":"tag-entretenimento","11":"tag-entrevistas-concorrentes-tvi","12":"tag-ferias","13":"tag-liliana-filipa","14":"tag-portugal","15":"tag-pt","16":"tag-tv","17":"tag-vida-fora-da-casa"},"share_on_mastodon":{"url":"https:\/\/pubeurope.com\/@pt\/115819496240091136","error":""},"_links":{"self":[{"href":"https:\/\/www.europesays.com\/pt\/wp-json\/wp\/v2\/posts\/210297","targetHints":{"allow":["GET"]}}],"collection":[{"href":"https:\/\/www.europesays.com\/pt\/wp-json\/wp\/v2\/posts"}],"about":[{"href":"https:\/\/www.europesays.com\/pt\/wp-json\/wp\/v2\/types\/post"}],"author":[{"embeddable":true,"href":"https:\/\/www.europesays.com\/pt\/wp-json\/wp\/v2\/users\/2"}],"replies":[{"embeddable":true,"href":"https:\/\/www.europesays.com\/pt\/wp-json\/wp\/v2\/comments?post=210297"}],"version-history":[{"count":0,"href":"https:\/\/www.europesays.com\/pt\/wp-json\/wp\/v2\/posts\/210297\/revisions"}],"wp:featuredmedia":[{"embeddable":true,"href":"https:\/\/www.europesays.com\/pt\/wp-json\/wp\/v2\/media\/184804"}],"wp:attachment":[{"href":"https:\/\/www.europesays.com\/pt\/wp-json\/wp\/v2\/media?parent=210297"}],"wp:term":[{"taxonomy":"category","embeddable":true,"href":"https:\/\/www.europesays.com\/pt\/wp-json\/wp\/v2\/categories?post=210297"},{"taxonomy":"post_tag","embeddable":true,"href":"https:\/\/www.europesays.com\/pt\/wp-json\/wp\/v2\/tags?post=210297"}],"curies":[{"name":"wp","href":"https:\/\/api.w.org\/{rel}","templated":true}]}}