{"id":210395,"date":"2026-01-01T12:17:11","date_gmt":"2026-01-01T12:17:11","guid":{"rendered":"https:\/\/www.europesays.com\/pt\/210395\/"},"modified":"2026-01-01T12:17:11","modified_gmt":"2026-01-01T12:17:11","slug":"falta-de-chips-ameaca-aumentos-de-20-nos-produtos-eletronicos-tecnologias","status":"publish","type":"post","link":"https:\/\/www.europesays.com\/pt\/210395\/","title":{"rendered":"Falta de chips amea\u00e7a aumentos de 20% nos produtos eletr\u00f3nicos &#8211; Tecnologias"},"content":{"rendered":"<p class=\"\">&#13;<br \/>\n        A chegada do novo ano traz sempre aumentos de pre\u00e7os, mas h\u00e1 alguns que podem subir mais do que o previsto. \u00c9 o caso dos <b>bens de consumo eletr\u00f3nicos que correm o risco de vir a registar agravamentos de pre\u00e7os que poder\u00e3o chegar a 20%.<\/b> Tudo por culpa da escassez de chips.&#13;\n    <\/p>\n<p class=\"\">&#13;<br \/>\n        Smartphones, computadores e outros dispositivos que as fam\u00edlias querem ter nas suas casas <b>podem ficar 5% a 20% mais caros este ano<\/b>, estimam os analistas, mas tamb\u00e9m os fabricantes desses produtos. Isto porque os custos dos chips, essenciais para estes bens, dever\u00e3o ser mais elevados.&#13;\n    <\/p>\n<p class=\"\">&#13;<br \/>\n        O <b>Financial Times recorda os alertas deixados pela Dell, Lenovo, Raspberry Pi e a Xiaomi sobre o aumento do pre\u00e7o dos chips.<\/b> S\u00e3o custos mais elevados para as fabricantes que, tendencialmente, acabam por ser passados para os consumidores.&#13;\n    <\/p>\n<p class=\"\">&#13;<br \/>\n        Essa subida dos pre\u00e7os dos chips reflete a lei da oferta e da procura. Com a expans\u00e3o global dos centros de dados para alimentar modelos de IA, <b>a procura disparou por chips de elevado desempenho que levou muitas fabricantes a deixarem para traz semicondutores de baixo custo utilizados na eletr\u00f3nica de consumo.<\/b>&#13;\n    <\/p>\n<p class=\"\">&#13;<br \/>\n        Esta situa\u00e7\u00e3o criou uma escassez de chips de mem\u00f3ria RAM din\u00e2mica (DRAM), que <b>s\u00e3o utilizados em tudo, desde autom\u00f3veis a computadores, para armazenamento tempor\u00e1rio de dados.<\/b>&#13;\n    <\/p>\n<p class=\"\">&#13;<br \/>\n        \u00a0&#13;\n    <\/p>\n","protected":false},"excerpt":{"rendered":"&#13; A chegada do novo ano traz sempre aumentos de pre\u00e7os, mas h\u00e1 alguns que podem subir mais&hellip;\n","protected":false},"author":2,"featured_media":210396,"comment_status":"","ping_status":"","sticky":false,"template":"","format":"standard","meta":{"footnotes":""},"categories":[84],"tags":[4702,8217,109,107,108,34609,41326,13815,32,33,105,103,104,41327,106,110,360],"class_list":{"0":"post-210395","1":"post","2":"type-post","3":"status-publish","4":"format-standard","5":"has-post-thumbnail","7":"category-ciencia-e-tecnologia","8":"tag-automovel","9":"tag-bens-de-consumo","10":"tag-ciencia","11":"tag-ciencia-e-tecnologia","12":"tag-cienciaetecnologia","13":"tag-dell","14":"tag-eletronica-de-consumo","15":"tag-lenovo","16":"tag-portugal","17":"tag-pt","18":"tag-science","19":"tag-science-and-technology","20":"tag-scienceandtechnology","21":"tag-semicondutores-e-componentes-ativos","22":"tag-technology","23":"tag-tecnologia","24":"tag-xiaomi"},"share_on_mastodon":{"url":"https:\/\/pubeurope.com\/@pt\/115819802967687145","error":""},"_links":{"self":[{"href":"https:\/\/www.europesays.com\/pt\/wp-json\/wp\/v2\/posts\/210395","targetHints":{"allow":["GET"]}}],"collection":[{"href":"https:\/\/www.europesays.com\/pt\/wp-json\/wp\/v2\/posts"}],"about":[{"href":"https:\/\/www.europesays.com\/pt\/wp-json\/wp\/v2\/types\/post"}],"author":[{"embeddable":true,"href":"https:\/\/www.europesays.com\/pt\/wp-json\/wp\/v2\/users\/2"}],"replies":[{"embeddable":true,"href":"https:\/\/www.europesays.com\/pt\/wp-json\/wp\/v2\/comments?post=210395"}],"version-history":[{"count":0,"href":"https:\/\/www.europesays.com\/pt\/wp-json\/wp\/v2\/posts\/210395\/revisions"}],"wp:featuredmedia":[{"embeddable":true,"href":"https:\/\/www.europesays.com\/pt\/wp-json\/wp\/v2\/media\/210396"}],"wp:attachment":[{"href":"https:\/\/www.europesays.com\/pt\/wp-json\/wp\/v2\/media?parent=210395"}],"wp:term":[{"taxonomy":"category","embeddable":true,"href":"https:\/\/www.europesays.com\/pt\/wp-json\/wp\/v2\/categories?post=210395"},{"taxonomy":"post_tag","embeddable":true,"href":"https:\/\/www.europesays.com\/pt\/wp-json\/wp\/v2\/tags?post=210395"}],"curies":[{"name":"wp","href":"https:\/\/api.w.org\/{rel}","templated":true}]}}