{"id":210453,"date":"2026-01-01T13:01:08","date_gmt":"2026-01-01T13:01:08","guid":{"rendered":"https:\/\/www.europesays.com\/pt\/210453\/"},"modified":"2026-01-01T13:01:08","modified_gmt":"2026-01-01T13:01:08","slug":"bulgaria-junta-se-esta-quinta-feira-a-mesa-da-moeda-unica-europeia-europa","status":"publish","type":"post","link":"https:\/\/www.europesays.com\/pt\/210453\/","title":{"rendered":"Bulg\u00e1ria junta-se esta quinta-feira \u00e0 mesa da moeda \u00fanica europeia | Europa"},"content":{"rendered":"<p>A partir desta quinta-feira, a moeda \u00fanica europeia tem mais um membro com a entrada da <a href=\"https:\/\/www.publico.pt\/bulgaria\" rel=\"nofollow noopener\" target=\"_blank\">Bulg\u00e1ria<\/a>, pa\u00eds com cerca de 6,7 milh\u00f5es de habitantes.<\/p>\n<p>\u00c9 o 21.\u00ba pa\u00eds da Uni\u00e3o Europeia a ter como moeda oficial o <a href=\"https:\/\/www.publico.pt\/euro\" rel=\"nofollow noopener\" target=\"_blank\">euro<\/a>, 24 anos depois de a moeda europeia ter ganho forma f\u00edsica em doze pa\u00edses ao mesmo tempo, Portugal inclu\u00eddo.<\/p>\n<p>Com o pa\u00eds a atravessar uma crise pol\u00edtica, ap\u00f3s o executivo liderado por <a href=\"https:\/\/www.publico.pt\/2025\/12\/02\/mundo\/noticia\/governo-bulgaro-retira-proposta-orcamento-euros-apos-protestos-populares-2156749?ref=bulgaria&amp;cx=page__content\" rel=\"nofollow noopener\" target=\"_blank\">Rosen Zhelyazkov<\/a> se ter demitido em Dezembro, um dos temores que surge associado \u00e0 mudan\u00e7a da moeda nacional, eliminando o lev, \u00e9 o da subida de pre\u00e7os e do custo de vida.<\/p>\n<p>Para ajudar a controlar esse receio, conforme destacou esta quarta-feira a Comiss\u00e3o Europeia, as autoridades locais est\u00e3o a acompanhar diariamente os pre\u00e7os de 101 produtos comprados de forma frequente, publicando-os online. Essa estrat\u00e9gia serve tanto para informar os consumidores como para pressionar empresas e vendedores a n\u00e3o efectuar subidas injustificadas.<\/p>\n<p>N\u00e3o sendo o euro uma novidade para os b\u00falgaros, nomeadamente porque a moeda \u00fanica j\u00e1 existia quando o pa\u00eds aderiu \u00e0 UE, em 2007, o lev est\u00e1 associado \u00e0 sua soberania, tal como estavam as outras moedas dos pa\u00edses membros da zona euro (perde-se o poder de desvalorizar a moeda, e os juros passam a ser ditados pelo Banco Central Europeu, por exemplo).<\/p>\n<p>Isso, e vozes que recordam a crise que aconteceu com a Gr\u00e9cia, pa\u00eds vizinho da Bulg\u00e1ria e que esteve prestes a sair da moeda \u00fanica de forma abrupta, acentuam os receios de alguns cidad\u00e3os.<\/p>\n<p>De acordo com um inqu\u00e9rito citado pelo jornal brit\u00e2nico The Guardian, elaborado pelo Minist\u00e9rio das Finan\u00e7as b\u00falgaro, 51% apoiam a ades\u00e3o \u00e0 moeda \u00fanica e outros 45% dizem estar contra (os outros 4% n\u00e3o ter\u00e3o proferido opini\u00e3o).<\/p>\n<p>\u201cN\u00e3o \u00e9 surpreendente\u201d, afirmou ao The Guardian Petar Ganev, investigador do think tank b\u00falgaro IME, comentando os resultados do inqu\u00e9rito. \u201cO pa\u00eds est\u00e1 dividido sobre quase tudo o que se possa imaginar\u201d, sublinhou.<\/p>\n<p>Pr\u00f3xima da R\u00fassia, a Bulg\u00e1ria \u00e9 considerada o pa\u00eds mais pobre da UE (em termos de PIB per capita), com relatos de suspeitas de que os russos t\u00eam disseminado informa\u00e7\u00f5es negativas e falsas sobre quest\u00f5es como os impactos da moeda \u00fanica.<\/p>\n<p>Euro \u00e9 &#8220;muito mais do que uma moeda\u201d<\/p>\n<p>Na actual conjuntura, mais do que no passado recente, o acto de passar a pertencer \u00e0 zona euro surge como algo mais profundo do que a partilha de uma moeda. Com este passo, h\u00e1 tamb\u00e9m uma clara escolha pol\u00edtica e social.<\/p>\n<p>\u201cO euro sempre foi muito mais do que uma moeda\u201d, afirmou o comiss\u00e1rio europeu para a Economia e Produtividade, Valdis Dombrovskis. A moeda \u00fanica disse, \u201caproxima ainda mais a Bulg\u00e1ria do cora\u00e7\u00e3o da Europa e envia um sinal claro ao mundo que a nossa for\u00e7a reside na uni\u00e3o\u201d.<\/p>\n<p>\u201cO euro trar\u00e1 benef\u00edcios para os b\u00falgaros, tornando os pagamentos e as viagens f\u00e1ceis\u201d, destacou por seu lado a presidente da Comiss\u00e3o Europeia, Ursula von der Leyen, acrescentando que trar\u00e1 tamb\u00e9m \u201cnovas oportunidades\u201d em termos de neg\u00f3cios, \u201cpotenciando as vantagens do mercado \u00fanico\u201d.<\/p>\n<p>Al\u00e9m disso, vincou, vai \u201crefor\u00e7ar a voz da Bulg\u00e1ria na Europa\u201d, algo que, defende, \u00e9 positivo para o pa\u00eds e que vem tamb\u00e9m \u201crefor\u00e7ar a Europa como um todo\u201d.<\/p>\n<p>De acordo com as regras definidas, durante este m\u00eas de Janeiro o lev e o euro ir\u00e3o coexistir, mas a partir de 1 de Fevereiro s\u00f3 a moeda europeia ser\u00e1 usada nas transac\u00e7\u00f5es (cada euro vale 1,95 levs).<\/p>\n<p>J\u00e1 a apresenta\u00e7\u00e3o de pre\u00e7os, que surge nas duas denomina\u00e7\u00f5es desde o passado m\u00eas de Agosto, vai durar at\u00e9 8 de Agosto de 2026. Isso poder\u00e1 facilitar a transi\u00e7\u00e3o para pessoas como os mais idosos.<\/p>\n<p>Durante os primeiros seis meses, a troca do lev pelo euro pode ser feita nos balc\u00f5es dos bancos comerciais e nos postos de correio de forma gratuita. Ao contr\u00e1rio do que sucedeu em Portugal, n\u00e3o h\u00e1 um prazo m\u00e1ximo para converter o dinheiro, tendo as pessoas que se deslocar ao banco central b\u00falgaro caso o queiram fazer de forma gratuita a partir de Julho.<\/p>\n<p>De acordo com o Banco de Portugal, esta institui\u00e7\u00e3o ir\u00e1 trocar gratuitamente notas de lev no territ\u00f3rio nacional entre 1 de Janeiro e 2 de Mar\u00e7o.<\/p>\n<p>Com a ades\u00e3o da Bulg\u00e1ria, passam a existir apenas seis pa\u00edses na UE que n\u00e3o partilham o euro: Su\u00e9cia, Dinamarca, Pol\u00f3nia, Hungria, Ch\u00e9quia e Rom\u00e9nia. Assim, a partir de hoje, a mesa da moeda \u00fanica passa a ser partilhada por mais de 357 milh\u00f5es de cidad\u00e3os de forma corrente.<\/p>\n","protected":false},"excerpt":{"rendered":"A partir desta quinta-feira, a moeda \u00fanica europeia tem mais um membro com a entrada da Bulg\u00e1ria, pa\u00eds&hellip;\n","protected":false},"author":2,"featured_media":210454,"comment_status":"","ping_status":"","sticky":false,"template":"","format":"standard","meta":{"footnotes":""},"categories":[50],"tags":[27,28,15599,476,445,15,16,14,25,26,21,22,62,12,13,19,20,23,24,17,18,29,30,31,636,63,64,65,1237],"class_list":{"0":"post-210453","1":"post","2":"type-post","3":"status-publish","4":"format-standard","5":"has-post-thumbnail","7":"category-mundo","8":"tag-breaking-news","9":"tag-breakingnews","10":"tag-bulgaria","11":"tag-economia","12":"tag-europa","13":"tag-featured-news","14":"tag-featurednews","15":"tag-headlines","16":"tag-latest-news","17":"tag-latestnews","18":"tag-main-news","19":"tag-mainnews","20":"tag-mundo","21":"tag-news","22":"tag-noticias","23":"tag-noticias-principais","24":"tag-noticiasprincipais","25":"tag-principais-noticias","26":"tag-principaisnoticias","27":"tag-top-stories","28":"tag-topstories","29":"tag-ultimas","30":"tag-ultimas-noticias","31":"tag-ultimasnoticias","32":"tag-uniao-europeia","33":"tag-world","34":"tag-world-news","35":"tag-worldnews","36":"tag-zona-euro"},"share_on_mastodon":{"url":"https:\/\/pubeurope.com\/@pt\/115819976198797603","error":""},"_links":{"self":[{"href":"https:\/\/www.europesays.com\/pt\/wp-json\/wp\/v2\/posts\/210453","targetHints":{"allow":["GET"]}}],"collection":[{"href":"https:\/\/www.europesays.com\/pt\/wp-json\/wp\/v2\/posts"}],"about":[{"href":"https:\/\/www.europesays.com\/pt\/wp-json\/wp\/v2\/types\/post"}],"author":[{"embeddable":true,"href":"https:\/\/www.europesays.com\/pt\/wp-json\/wp\/v2\/users\/2"}],"replies":[{"embeddable":true,"href":"https:\/\/www.europesays.com\/pt\/wp-json\/wp\/v2\/comments?post=210453"}],"version-history":[{"count":0,"href":"https:\/\/www.europesays.com\/pt\/wp-json\/wp\/v2\/posts\/210453\/revisions"}],"wp:featuredmedia":[{"embeddable":true,"href":"https:\/\/www.europesays.com\/pt\/wp-json\/wp\/v2\/media\/210454"}],"wp:attachment":[{"href":"https:\/\/www.europesays.com\/pt\/wp-json\/wp\/v2\/media?parent=210453"}],"wp:term":[{"taxonomy":"category","embeddable":true,"href":"https:\/\/www.europesays.com\/pt\/wp-json\/wp\/v2\/categories?post=210453"},{"taxonomy":"post_tag","embeddable":true,"href":"https:\/\/www.europesays.com\/pt\/wp-json\/wp\/v2\/tags?post=210453"}],"curies":[{"name":"wp","href":"https:\/\/api.w.org\/{rel}","templated":true}]}}