{"id":210500,"date":"2026-01-01T13:31:08","date_gmt":"2026-01-01T13:31:08","guid":{"rendered":"https:\/\/www.europesays.com\/pt\/210500\/"},"modified":"2026-01-01T13:31:08","modified_gmt":"2026-01-01T13:31:08","slug":"trump-retira-guarda-nacional-de-chicago-los-angeles-e-portland","status":"publish","type":"post","link":"https:\/\/www.europesays.com\/pt\/210500\/","title":{"rendered":"Trump Retira Guarda Nacional de Chicago, Los Angeles e Portland"},"content":{"rendered":"<p>L\u00edderes locais destas cidades e membros do Partido Democrata t\u00eam defendido que estes destacamentos &#8212; que enfrentaram v\u00e1rios processos em tribunal &#8212; eram desnecess\u00e1rios. Acusam a administra\u00e7\u00e3o Trump de abuso de autoridade federal e de exagerar epis\u00f3dios isolados de viol\u00eancia, ocorridos em protestos maioritariamente pac\u00edficos, para justificar o envio de tropas.<\/p>\n<p>Por outro lado, Trump reiterou que o envio de militares para Los Angeles, Chicago, Washington, D.C., Memphis e Portland foi fundamental para combater o crime e proteger a propriedade e o pessoal federal face aos manifestantes.<\/p>\n<p>&#8220;Estamos a retirar a Guarda Nacional de Chicago, Los Angeles e Portland, apesar do facto de o CRIME ter sido grandemente reduzido pela presen\u00e7a destes grandes Patriotas nessas cidades, e APENAS por esse facto&#8221;, escreveu Trump. &#8220;Voltaremos, talvez de uma forma muito diferente e mais forte, quando o crime come\u00e7ar a disparar novamente \u2014 \u00e9 apenas uma quest\u00e3o de tempo!&#8221;<\/p>\n","protected":false},"excerpt":{"rendered":"L\u00edderes locais destas cidades e membros do Partido Democrata t\u00eam defendido que estes destacamentos &#8212; que enfrentaram v\u00e1rios&hellip;\n","protected":false},"author":2,"featured_media":210501,"comment_status":"","ping_status":"","sticky":false,"template":"","format":"standard","meta":{"footnotes":""},"categories":[8],"tags":[27,28,92,413,15,16,9105,14,25,26,21,22,12,13,19,20,32,23,24,33,17,18,29,30,31],"class_list":{"0":"post-210500","1":"post","2":"type-post","3":"status-publish","4":"format-standard","5":"has-post-thumbnail","7":"category-principais-noticias","8":"tag-breaking-news","9":"tag-breakingnews","10":"tag-donald-trump","11":"tag-eua","12":"tag-featured-news","13":"tag-featurednews","14":"tag-guarda-nacional","15":"tag-headlines","16":"tag-latest-news","17":"tag-latestnews","18":"tag-main-news","19":"tag-mainnews","20":"tag-news","21":"tag-noticias","22":"tag-noticias-principais","23":"tag-noticiasprincipais","24":"tag-portugal","25":"tag-principais-noticias","26":"tag-principaisnoticias","27":"tag-pt","28":"tag-top-stories","29":"tag-topstories","30":"tag-ultimas","31":"tag-ultimas-noticias","32":"tag-ultimasnoticias"},"share_on_mastodon":{"url":"https:\/\/pubeurope.com\/@pt\/115820094129356242","error":""},"_links":{"self":[{"href":"https:\/\/www.europesays.com\/pt\/wp-json\/wp\/v2\/posts\/210500","targetHints":{"allow":["GET"]}}],"collection":[{"href":"https:\/\/www.europesays.com\/pt\/wp-json\/wp\/v2\/posts"}],"about":[{"href":"https:\/\/www.europesays.com\/pt\/wp-json\/wp\/v2\/types\/post"}],"author":[{"embeddable":true,"href":"https:\/\/www.europesays.com\/pt\/wp-json\/wp\/v2\/users\/2"}],"replies":[{"embeddable":true,"href":"https:\/\/www.europesays.com\/pt\/wp-json\/wp\/v2\/comments?post=210500"}],"version-history":[{"count":0,"href":"https:\/\/www.europesays.com\/pt\/wp-json\/wp\/v2\/posts\/210500\/revisions"}],"wp:featuredmedia":[{"embeddable":true,"href":"https:\/\/www.europesays.com\/pt\/wp-json\/wp\/v2\/media\/210501"}],"wp:attachment":[{"href":"https:\/\/www.europesays.com\/pt\/wp-json\/wp\/v2\/media?parent=210500"}],"wp:term":[{"taxonomy":"category","embeddable":true,"href":"https:\/\/www.europesays.com\/pt\/wp-json\/wp\/v2\/categories?post=210500"},{"taxonomy":"post_tag","embeddable":true,"href":"https:\/\/www.europesays.com\/pt\/wp-json\/wp\/v2\/tags?post=210500"}],"curies":[{"name":"wp","href":"https:\/\/api.w.org\/{rel}","templated":true}]}}