{"id":210510,"date":"2026-01-01T13:38:07","date_gmt":"2026-01-01T13:38:07","guid":{"rendered":"https:\/\/www.europesays.com\/pt\/210510\/"},"modified":"2026-01-01T13:38:07","modified_gmt":"2026-01-01T13:38:07","slug":"sporting-ajusta-acordo-com-o-west-ham-e-encaminha-chegada-de-luis-guilherme","status":"publish","type":"post","link":"https:\/\/www.europesays.com\/pt\/210510\/","title":{"rendered":"Sporting ajusta acordo com o West Ham e encaminha chegada de Lu\u00eds Guilherme"},"content":{"rendered":"<p>Lu\u00eds Guilherme est\u00e1 muito pr\u00f3ximo de deixar o West Ham para ser o primeiro refor\u00e7o do Sporting para a segunda volta da temporada.<\/p>\n<p>O Maisfutebol apurou que, ainda antes da passagem de ano, os dois clubes avan\u00e7aram nas negocia\u00e7\u00f5es e encaminharam o acordo pelo jovem extremo.<\/p>\n<p>Alvo priorit\u00e1rio para refor\u00e7ar o ataque, conforme o nosso jornal revelou com exclusividade a 23 de dezembro, o internacional brasileiro sub-21 tinha outras abordagens no mercado, mas, desde o arranque das conversa\u00e7\u00f5es, estava decidido a rumar \u00e0 Alvalade.<\/p>\n<p>Aos 19 anos, Lu\u00eds Guilherme foi formado no Palmeiras e chegou \u00e0 Premier League na temporada passada a troco de aproximadamente 23 milh\u00f5es de euros.<\/p>\n","protected":false},"excerpt":{"rendered":"Lu\u00eds Guilherme est\u00e1 muito pr\u00f3ximo de deixar o West Ham para ser o primeiro refor\u00e7o do Sporting para&hellip;\n","protected":false},"author":2,"featured_media":210511,"comment_status":"","ping_status":"","sticky":false,"template":"","format":"standard","meta":{"footnotes":""},"categories":[87],"tags":[135,39854,46,42,32,666,33,47,34,134,35,8709],"class_list":{"0":"post-210510","1":"post","2":"type-post","3":"status-publish","4":"format-standard","5":"has-post-thumbnail","7":"category-desporto","8":"tag-desporto","9":"tag-luis-guilherme","10":"tag-maisfutebol","11":"tag-mercado","12":"tag-portugal","13":"tag-premier-league","14":"tag-pt","15":"tag-pura-paixao","16":"tag-sporting","17":"tag-sports","18":"tag-transferencias","19":"tag-west-ham"},"share_on_mastodon":{"url":"","error":""},"_links":{"self":[{"href":"https:\/\/www.europesays.com\/pt\/wp-json\/wp\/v2\/posts\/210510","targetHints":{"allow":["GET"]}}],"collection":[{"href":"https:\/\/www.europesays.com\/pt\/wp-json\/wp\/v2\/posts"}],"about":[{"href":"https:\/\/www.europesays.com\/pt\/wp-json\/wp\/v2\/types\/post"}],"author":[{"embeddable":true,"href":"https:\/\/www.europesays.com\/pt\/wp-json\/wp\/v2\/users\/2"}],"replies":[{"embeddable":true,"href":"https:\/\/www.europesays.com\/pt\/wp-json\/wp\/v2\/comments?post=210510"}],"version-history":[{"count":0,"href":"https:\/\/www.europesays.com\/pt\/wp-json\/wp\/v2\/posts\/210510\/revisions"}],"wp:featuredmedia":[{"embeddable":true,"href":"https:\/\/www.europesays.com\/pt\/wp-json\/wp\/v2\/media\/210511"}],"wp:attachment":[{"href":"https:\/\/www.europesays.com\/pt\/wp-json\/wp\/v2\/media?parent=210510"}],"wp:term":[{"taxonomy":"category","embeddable":true,"href":"https:\/\/www.europesays.com\/pt\/wp-json\/wp\/v2\/categories?post=210510"},{"taxonomy":"post_tag","embeddable":true,"href":"https:\/\/www.europesays.com\/pt\/wp-json\/wp\/v2\/tags?post=210510"}],"curies":[{"name":"wp","href":"https:\/\/api.w.org\/{rel}","templated":true}]}}