{"id":210512,"date":"2026-01-01T13:39:07","date_gmt":"2026-01-01T13:39:07","guid":{"rendered":"https:\/\/www.europesays.com\/pt\/210512\/"},"modified":"2026-01-01T13:39:07","modified_gmt":"2026-01-01T13:39:07","slug":"governo-amplia-em-829-o-numero-de-usuarios-atendidos-pela-farmacia-do-parana-radio-maringa","status":"publish","type":"post","link":"https:\/\/www.europesays.com\/pt\/210512\/","title":{"rendered":"Governo amplia em 82,9% o n\u00famero de usu\u00e1rios atendidos pela Farm\u00e1cia do Paran\u00e1 &#8211; R\u00e1dio Maring\u00e1"},"content":{"rendered":"<p style=\"box-sizing: border-box; margin: 0px 0px 10px; color: #333333; font-family: Arial, Helvetica, sans-serif; font-size: 14.859px;\">A Assist\u00eancia Farmac\u00eautica do Paran\u00e1, coordenada pela Secretaria de Estado da Sa\u00fade (Sesa), alcan\u00e7ou um crescimento expressivo nos \u00faltimos anos, consolidando os programas Farm\u00e1cia do Paran\u00e1 e Rem\u00e9dio em Casa como pilares no acesso a medicamentos de componente especializado. O avan\u00e7o, especialmente no per\u00edodo de 2019 a 2024, com a expans\u00e3o do atendimento e a otimiza\u00e7\u00e3o dos servi\u00e7os, apresenta um crescimento de 82,9% em usu\u00e1rios atendidos e aumento de 52,5% em medicamentos entregues.<\/p>\n<p style=\"box-sizing: border-box; margin: 0px 0px 10px; color: #333333; font-family: Arial, Helvetica, sans-serif; font-size: 14.859px;\">O Componente Especializado da Assist\u00eancia Farmac\u00eautica (Ceaf) e o Elenco Complementar da Sesa, que comp\u00f5em a Farm\u00e1cia do Paran\u00e1, registrou alta constante no acesso de novos pacientes, refletindo na amplia\u00e7\u00e3o da cobertura e na incorpora\u00e7\u00e3o de novos medicamentos. O n\u00famero de usu\u00e1rios de medicamentos do Ceaf e Elenco Complementar atendidos subiu de 264.510 para 483.976 entre 2019 e 2024 (82,9%).<\/p>\n<p style=\"box-sizing: border-box; margin: 0px 0px 10px; color: #333333; font-family: Arial, Helvetica, sans-serif; font-size: 14.859px;\">O Componente Especializado refere-se a medicamentos para tratamento de doen\u00e7as e agravos menos prevalentes e com alto impacto financeiro. J\u00e1 o Elenco Complementar inclui medicamentos que buscam garantir acesso a tratamentos n\u00e3o cobertos pelas listas nacionais e fortalecendo a assist\u00eancia em n\u00edvel ambulatorial e especializado.<\/p>\n<p style=\"box-sizing: border-box; margin: 0px 0px 10px; color: #333333; font-family: Arial, Helvetica, sans-serif; font-size: 14.859px;\">Neste mesmo per\u00edodo, o Centro de Medicamentos do Paran\u00e1 (Cemepar) distribuiu mais de 1,9 bilh\u00e3o de unidades de medicamentos, soros e vacinas, somando um investimento de R$ 10,7 bilh\u00f5es. O Estado continua a ampliar os recursos, como o repasse de mais de R$ 66,2 milh\u00f5es para a Organiza\u00e7\u00e3o da Assist\u00eancia Farmac\u00eautica nesta gest\u00e3o.<\/p>\n<p style=\"box-sizing: border-box; margin: 0px 0px 10px; color: #333333; font-family: Arial, Helvetica, sans-serif; font-size: 14.859px;\">REM\u00c9DIO EM CASA &#8211;\u00a0O programa Rem\u00e9dio em Casa, que entrega medicamentos do componente especializado de uso cont\u00ednuo diretamente no domic\u00edlio dos pacientes, \u00e9 um dos grandes destaques. O servi\u00e7o apresentou um crescimento de 680,23% no n\u00famero de usu\u00e1rios entre 2019 e 2024, saltando de 3.653 para 28.502 pacientes atendidos.<\/p>\n<p style=\"box-sizing: border-box; margin: 0px 0px 10px; color: #333333; font-family: Arial, Helvetica, sans-serif; font-size: 14.859px;\">A expans\u00e3o do programa Rem\u00e9dio em Casa tem sido cont\u00ednua, abrangendo as Regionais de Sa\u00fade (RS) de Curitiba, Londrina, Cascavel, Maring\u00e1, Ponta Grossa e Foz do Igua\u00e7u. Em 2025, a estimativa da Sesa \u00e9 de atendimento a 35 mil usu\u00e1rios.<\/p>\n<p style=\"box-sizing: border-box; margin: 0px 0px 10px; color: #333333; font-family: Arial, Helvetica, sans-serif; font-size: 14.859px;\">O secret\u00e1rio de Estado da Sa\u00fade, Beto Preto, ressaltou o impacto social da iniciativa. &#8220;O Rem\u00e9dio em Casa tem mudado a vida de milhares de paranaenses de forma descentralizada, garantindo mais conforto, seguran\u00e7a e regularidade no tratamento de doen\u00e7as cr\u00f4nicas. \u00c9 a sa\u00fade p\u00fablica chegando onde o cidad\u00e3o precisa, com dignidade e efici\u00eancia&#8221;, destacou.<\/p>\n<p style=\"box-sizing: border-box; margin: 0px 0px 10px; color: #333333; font-family: Arial, Helvetica, sans-serif; font-size: 14.859px;\">A coordenadora de Assist\u00eancia Farmac\u00eautica da Sesa, Deise Pontarolli, refor\u00e7ou a import\u00e2ncia da gest\u00e3o e da tecnologia para esse avan\u00e7o. &#8220;A expans\u00e3o da assist\u00eancia farmac\u00eautica \u00e9 resultado de um trabalho focado na descentraliza\u00e7\u00e3o e na utiliza\u00e7\u00e3o de sistemas como o Farm\u00e1cia do Paran\u00e1 Digital, que agiliza o cadastro e o acesso aos medicamentos. Nosso objetivo \u00e9 garantir que o paciente tenha o tratamento de forma regular e facilitada&#8221;, explicou Deise.<\/p>\n<p style=\"box-sizing: border-box; margin: 0px; color: #333333; font-family: Arial, Helvetica, sans-serif; font-size: 14.859px;\">PRINCIPAIS CONDI\u00c7\u00d5ES CL\u00cdNICAS\u00a0&#8211;\u00a0A maior parte dos usu\u00e1rios ativos no Ceaf est\u00e1 concentrada em protocolos cl\u00ednicos relacionados a doen\u00e7as cr\u00f4nicas. Os cinco principais Protocolos Cl\u00ednicos e Diretrizes Terap\u00eauticas (PCDT) com pacientes atendidos, que juntos representam 51% do total de usu\u00e1rios ativos, s\u00e3o de dor cr\u00f4nica com 105.103 usu\u00e1rios (18%), dislipidemia com 77.075 (13%), asma com 56.213 (9%), diabetes mellitus tipo 2 com 34.112 (6%) e esquizofrenia com 28.069 (5%).\u00a0<\/p>\n<p style=\"box-sizing: border-box; margin: 0px; color: #333333; font-family: Arial, Helvetica, sans-serif; font-size: 14.859px;\">(Texto: AEN. Foto:\u00a0Geraldo Bubniak\/AEN)<\/p>\n","protected":false},"excerpt":{"rendered":"A Assist\u00eancia Farmac\u00eautica do Paran\u00e1, coordenada pela Secretaria de Estado da Sa\u00fade (Sesa), alcan\u00e7ou um crescimento expressivo nos&hellip;\n","protected":false},"author":2,"featured_media":210513,"comment_status":"","ping_status":"","sticky":false,"template":"","format":"standard","meta":{"footnotes":""},"categories":[86],"tags":[19927,19919,19924,19912,19909,19920,19936,19932,19915,19916,19933,19935,19918,116,19937,2984,19925,19926,19928,19908,19922,2982,19913,32,19921,33,19910,19907,19911,19930,117,19931,19929,19914,19934,19917,19923],"class_list":{"0":"post-210512","1":"post","2":"type-post","3":"status-publish","4":"format-standard","5":"has-post-thumbnail","7":"category-saude","8":"tag-amavolei","9":"tag-basquetebol-de-maringa","10":"tag-ciclismo-de-maringa","11":"tag-equipe-de-maringa","12":"tag-esporte-de-maringa","13":"tag-esporte-maringaense","14":"tag-esporte-paralimpico-de-maringa","15":"tag-estadio-willie-davids","16":"tag-futebol-de-maringa","17":"tag-futsal-de-maringa","18":"tag-ginasio-chico-neto","19":"tag-ginasio-do-parque-do-japao-em-maringa","20":"tag-handebol-de-maringa","21":"tag-health","22":"tag-imprensa-de-maringa","23":"tag-maringa","24":"tag-maringa-futebol-clube","25":"tag-maringa-seleto","26":"tag-maringa-volei","27":"tag-maringaense","28":"tag-natacao-de-maringa","29":"tag-noticias-de-maringa","30":"tag-orlando-gonzalez","31":"tag-portugal","32":"tag-prefeitura-de-maringa","33":"tag-pt","34":"tag-radio-de-maringa","35":"tag-radio-maringa","36":"tag-radios-de-maringa","37":"tag-rugby-de-maringa","38":"tag-saude","39":"tag-taekwondo-de-maringa-kickboxing-de-maringa","40":"tag-tenis-de-mesa-de-maringa","41":"tag-time-de-maringa-equipe-de-maringa","42":"tag-vila-olimpica-de-maringa","43":"tag-volei-de-maringa","44":"tag-volei-de-praia-de-maringa"},"share_on_mastodon":{"url":"","error":"Validation failed: Text character limit of 500 exceeded"},"_links":{"self":[{"href":"https:\/\/www.europesays.com\/pt\/wp-json\/wp\/v2\/posts\/210512","targetHints":{"allow":["GET"]}}],"collection":[{"href":"https:\/\/www.europesays.com\/pt\/wp-json\/wp\/v2\/posts"}],"about":[{"href":"https:\/\/www.europesays.com\/pt\/wp-json\/wp\/v2\/types\/post"}],"author":[{"embeddable":true,"href":"https:\/\/www.europesays.com\/pt\/wp-json\/wp\/v2\/users\/2"}],"replies":[{"embeddable":true,"href":"https:\/\/www.europesays.com\/pt\/wp-json\/wp\/v2\/comments?post=210512"}],"version-history":[{"count":0,"href":"https:\/\/www.europesays.com\/pt\/wp-json\/wp\/v2\/posts\/210512\/revisions"}],"wp:featuredmedia":[{"embeddable":true,"href":"https:\/\/www.europesays.com\/pt\/wp-json\/wp\/v2\/media\/210513"}],"wp:attachment":[{"href":"https:\/\/www.europesays.com\/pt\/wp-json\/wp\/v2\/media?parent=210512"}],"wp:term":[{"taxonomy":"category","embeddable":true,"href":"https:\/\/www.europesays.com\/pt\/wp-json\/wp\/v2\/categories?post=210512"},{"taxonomy":"post_tag","embeddable":true,"href":"https:\/\/www.europesays.com\/pt\/wp-json\/wp\/v2\/tags?post=210512"}],"curies":[{"name":"wp","href":"https:\/\/api.w.org\/{rel}","templated":true}]}}