{"id":210516,"date":"2026-01-01T13:42:08","date_gmt":"2026-01-01T13:42:08","guid":{"rendered":"https:\/\/www.europesays.com\/pt\/210516\/"},"modified":"2026-01-01T13:42:08","modified_gmt":"2026-01-01T13:42:08","slug":"inspecao-ao-carro-fica-mais-cara-a-partir-de-hoje-saiba-quanto","status":"publish","type":"post","link":"https:\/\/www.europesays.com\/pt\/210516\/","title":{"rendered":"Inspe\u00e7\u00e3o ao carro fica mais cara a partir de hoje! Saiba quanto"},"content":{"rendered":"<p>Para circularem na estrada, os ve\u00edculos precisam de ir a inspe\u00e7\u00f5es peri\u00f3dicas. As inspe\u00e7\u00f5es peri\u00f3dicas servem para verificar se os ve\u00edculos re\u00fanem as condi\u00e7\u00f5es de funcionamento e seguran\u00e7a para circular na estrada. Para 2026 os pre\u00e7os voltam a aumentar. Saiba quanto vai ser o aumento.<\/p>\n<p><a target=\"_blank\" href=\"https:\/\/pplware.sapo.pt\/wp-content\/uploads\/2026\/01\/inspecoes_00-1.jpg\" onclick=\"refreshIframe()\" class=\"foobox\" rel=\"nofollow noopener\"><img fetchpriority=\"high\" decoding=\"async\" src=\"https:\/\/www.europesays.com\/pt\/wp-content\/uploads\/2026\/01\/inspecoes_00-1-720x405.jpg\" alt=\"\" width=\"720\" height=\"405\" class=\"aligncenter size-medium wp-image-1096100\"  \/><\/a><\/p>\n<p>De acordo com o Instituto da Mobilidade e dos Transportes, <strong>a inspe\u00e7\u00e3o de ve\u00edculos ligeiros custa agora 37,47 euros, enquanto os pesados passam a pagar 56,08 euros. <\/strong>Contas feitas, trata-se de um aumento superior a 2% face a 2025. A aplica\u00e7\u00e3o faz subir 83 c\u00eantimos o pre\u00e7os da inspe\u00e7\u00e3o de ve\u00edculos ligeiros. Relativamente aos pesados, o valor sobe 1,23 euros.<\/p>\n<p>A subida resulta da atualiza\u00e7\u00e3o anual dos valores, feita com base na taxa de infla\u00e7\u00e3o.<\/p>\n<p>Os motociclos, triciclos e quadriciclos passam igualmente a ter um novo valor, fixado em 18,87 euros. J\u00e1 os reboques e semirreboques veem a taxa subir para 37,47 euros, enquanto a reinspe\u00e7\u00e3o passa a custar 9,40 euros.<\/p>\n<p><a target=\"_blank\" href=\"https:\/\/pplware.sapo.pt\/wp-content\/uploads\/2026\/01\/garantia_carros_usados01-2.webp\" rel=\"nofollow noopener\"><img loading=\"lazy\" decoding=\"async\" src=\"https:\/\/www.europesays.com\/pt\/wp-content\/uploads\/2026\/01\/garantia_carros_usados01-2-720x405.webp.webp\" alt=\"\" width=\"720\" height=\"405\" class=\"aligncenter size-medium wp-image-1096101\"  \/><\/a><\/p>\n<p>Resumo de Pre\u00e7os &#8211; Inspe\u00e7\u00e3o Peri\u00f3dica Obrigat\u00f3ria (IPO) \u2013 com IVA inclu\u00eddo:<\/p>\n<ul>\n<li>Ve\u00edculos ligeiros: 37,47 \u20ac<\/li>\n<li>Ve\u00edculos pesados: 56,08 \u20ac<\/li>\n<li>Reboques e semirreboques: 37,47 \u20ac<\/li>\n<li>Motociclos, triciclos e quadriciclos: 18,87 \u20ac<\/li>\n<\/ul>\n<p><strong>Outros pre\u00e7os em vigor:<\/strong><\/p>\n<ul>\n<li>Reinspe\u00e7\u00e3o: 9,40 \u20ac<\/li>\n<li>Inspe\u00e7\u00e3o extraordin\u00e1ria: 130,80 \u20ac<\/li>\n<li>Inspe\u00e7\u00e3o para atribui\u00e7\u00e3o\/reposi\u00e7\u00e3o de matr\u00edcula: 93,52 \u20ac<\/li>\n<li>Emiss\u00e3o de segunda via do certificado: 3,52 \u20ac<\/li>\n<\/ul>\n","protected":false},"excerpt":{"rendered":"Para circularem na estrada, os ve\u00edculos precisam de ir a inspe\u00e7\u00f5es peri\u00f3dicas. As inspe\u00e7\u00f5es peri\u00f3dicas servem para verificar&hellip;\n","protected":false},"author":2,"featured_media":210517,"comment_status":"","ping_status":"","sticky":false,"template":"","format":"standard","meta":{"footnotes":""},"categories":[83],"tags":[88,3981,89,90,36622,32,33],"class_list":{"0":"post-210516","1":"post","2":"type-post","3":"status-publish","4":"format-standard","5":"has-post-thumbnail","7":"category-empresas","8":"tag-business","9":"tag-carro","10":"tag-economy","11":"tag-empresas","12":"tag-inspecao","13":"tag-portugal","14":"tag-pt"},"share_on_mastodon":{"url":"https:\/\/pubeurope.com\/@pt\/115820137521764352","error":""},"_links":{"self":[{"href":"https:\/\/www.europesays.com\/pt\/wp-json\/wp\/v2\/posts\/210516","targetHints":{"allow":["GET"]}}],"collection":[{"href":"https:\/\/www.europesays.com\/pt\/wp-json\/wp\/v2\/posts"}],"about":[{"href":"https:\/\/www.europesays.com\/pt\/wp-json\/wp\/v2\/types\/post"}],"author":[{"embeddable":true,"href":"https:\/\/www.europesays.com\/pt\/wp-json\/wp\/v2\/users\/2"}],"replies":[{"embeddable":true,"href":"https:\/\/www.europesays.com\/pt\/wp-json\/wp\/v2\/comments?post=210516"}],"version-history":[{"count":0,"href":"https:\/\/www.europesays.com\/pt\/wp-json\/wp\/v2\/posts\/210516\/revisions"}],"wp:featuredmedia":[{"embeddable":true,"href":"https:\/\/www.europesays.com\/pt\/wp-json\/wp\/v2\/media\/210517"}],"wp:attachment":[{"href":"https:\/\/www.europesays.com\/pt\/wp-json\/wp\/v2\/media?parent=210516"}],"wp:term":[{"taxonomy":"category","embeddable":true,"href":"https:\/\/www.europesays.com\/pt\/wp-json\/wp\/v2\/categories?post=210516"},{"taxonomy":"post_tag","embeddable":true,"href":"https:\/\/www.europesays.com\/pt\/wp-json\/wp\/v2\/tags?post=210516"}],"curies":[{"name":"wp","href":"https:\/\/api.w.org\/{rel}","templated":true}]}}