{"id":210526,"date":"2026-01-01T13:49:09","date_gmt":"2026-01-01T13:49:09","guid":{"rendered":"https:\/\/www.europesays.com\/pt\/210526\/"},"modified":"2026-01-01T13:49:09","modified_gmt":"2026-01-01T13:49:09","slug":"vem-ai-em-terra-forte-tensoes-entre-sammy-e-maria-de-fatima-levantam-suspeitas-de-antonio-novelas","status":"publish","type":"post","link":"https:\/\/www.europesays.com\/pt\/210526\/","title":{"rendered":"Vem a\u00ed em \u00abTerra Forte\u00bb: Tens\u00f5es entre Sammy e Maria de F\u00e1tima levantam suspeitas de Ant\u00f3nio &#8211; Novelas"},"content":{"rendered":"<p>Em \u00abTerra Forte\u00bb, <a href=\"https:\/\/tvi.iol.pt\/novelas\/videos\/terra-forte-sammy-fica-sem-chao-ao-descobrir-que-flor-e-a-mae-de-rosinha\/68f7b83e0cf29d28d8297a75\" rel=\"nofollow noopener\" target=\"_blank\">Sammy (Jos\u00e9 Fidalgo)<\/a>\u00a0repreende <strong data-end=\"1290\" data-start=\"1220\"><a href=\"https:\/\/tvi.iol.pt\/novelas\/ator\/maria-de-fatima\/68ee548bd34ee0c2fed13d9c\" rel=\"nofollow noopener\" target=\"_blank\">Maria de F\u00e1tima (Rita Pereira)<\/a><\/strong> por ter sido indelicado com <a href=\"https:\/\/tvi.iol.pt\/novelas\/ator\/rosa-maria\/68ee586ed34e58bc6796e114\" rel=\"nofollow noopener\" target=\"_blank\">Rosa Maria (Cust\u00f3dia Gallego)<\/a>, com <a href=\"https:\/\/tvi.iol.pt\/novelas\/ator\/antonio\/68ee5b98d34e58bc6796e13a\" rel=\"nofollow noopener\" target=\"_blank\">Ant\u00f3nio (Jo\u00e3o Catarr\u00e9)<\/a><strong data-end=\"182\" data-start=\"155\"> <\/strong> tamb\u00e9m a salientar que Manuel nem sequer \u00e9 pai dela. Maria de F\u00e1tima disfar\u00e7a a sua irrita\u00e7\u00e3o e indica que precisa de contratar um assistente novo. Carla (Marina Albuquerque) oferece-se para o lugar e fica radiante com aquela possibilidade. Ant\u00f3nio suspeita da falsa harmonia entre Sammy e Maria de F\u00e1tima.<\/p>\n<p>Jos\u00e9 (Paulo Calatr\u00e9) acha que Ant\u00f3nio est\u00e1 a exagerar ao pensar que Sammy quer reconquistar Flor, mas Ant\u00f3nio insiste que as apar\u00eancias enganam.<\/p>\n<p>Relembre-se que Ant\u00f3nio e Sammy est\u00e3o a lutar pela mesma mulher:<\/p>\n","protected":false},"excerpt":{"rendered":"Em \u00abTerra Forte\u00bb, Sammy (Jos\u00e9 Fidalgo)\u00a0repreende Maria de F\u00e1tima (Rita Pereira) por ter sido indelicado com Rosa Maria&hellip;\n","protected":false},"author":2,"featured_media":210527,"comment_status":"","ping_status":"","sticky":false,"template":"","format":"standard","meta":{"footnotes":""},"categories":[142],"tags":[160,27121,166,114,115,157,167,2727,164,8598,161,158,165,159,32,33,156,5871,26751,18614,163,151,162],"class_list":{"0":"post-210526","1":"post","2":"type-post","3":"status-publish","4":"format-standard","5":"has-post-thumbnail","7":"category-tv","8":"tag-ana-guiomar","9":"tag-antonio","10":"tag-cristina-ferreira","11":"tag-entertainment","12":"tag-entretenimento","13":"tag-festa-e-festa","14":"tag-ficcao","15":"tag-joao-catarre","16":"tag-jose-fidalgo","17":"tag-maria-de-fatima","18":"tag-novelas","19":"tag-para-sempre","20":"tag-pedro-sousa","21":"tag-pedro-teixeira","22":"tag-portugal","23":"tag-pt","24":"tag-queridos-papas","25":"tag-rita-pereira","26":"tag-sammy","27":"tag-terra-forte","28":"tag-tiago-teotonio-pereira","29":"tag-tv","30":"tag-tvi"},"share_on_mastodon":{"url":"https:\/\/pubeurope.com\/@pt\/115820165162831576","error":""},"_links":{"self":[{"href":"https:\/\/www.europesays.com\/pt\/wp-json\/wp\/v2\/posts\/210526","targetHints":{"allow":["GET"]}}],"collection":[{"href":"https:\/\/www.europesays.com\/pt\/wp-json\/wp\/v2\/posts"}],"about":[{"href":"https:\/\/www.europesays.com\/pt\/wp-json\/wp\/v2\/types\/post"}],"author":[{"embeddable":true,"href":"https:\/\/www.europesays.com\/pt\/wp-json\/wp\/v2\/users\/2"}],"replies":[{"embeddable":true,"href":"https:\/\/www.europesays.com\/pt\/wp-json\/wp\/v2\/comments?post=210526"}],"version-history":[{"count":0,"href":"https:\/\/www.europesays.com\/pt\/wp-json\/wp\/v2\/posts\/210526\/revisions"}],"wp:featuredmedia":[{"embeddable":true,"href":"https:\/\/www.europesays.com\/pt\/wp-json\/wp\/v2\/media\/210527"}],"wp:attachment":[{"href":"https:\/\/www.europesays.com\/pt\/wp-json\/wp\/v2\/media?parent=210526"}],"wp:term":[{"taxonomy":"category","embeddable":true,"href":"https:\/\/www.europesays.com\/pt\/wp-json\/wp\/v2\/categories?post=210526"},{"taxonomy":"post_tag","embeddable":true,"href":"https:\/\/www.europesays.com\/pt\/wp-json\/wp\/v2\/tags?post=210526"}],"curies":[{"name":"wp","href":"https:\/\/api.w.org\/{rel}","templated":true}]}}