{"id":210538,"date":"2026-01-01T13:58:09","date_gmt":"2026-01-01T13:58:09","guid":{"rendered":"https:\/\/www.europesays.com\/pt\/210538\/"},"modified":"2026-01-01T13:58:09","modified_gmt":"2026-01-01T13:58:09","slug":"doentes-muito-urgentes-esperam-14-horas-por-primeira-observacao-no-santa-maria","status":"publish","type":"post","link":"https:\/\/www.europesays.com\/pt\/210538\/","title":{"rendered":"Doentes muito urgentes esperam 14 horas por primeira observa\u00e7\u00e3o no Santa Maria"},"content":{"rendered":"<p>&#13;<br \/>\nO tempo de espera para doentes muito urgentes no servi\u00e7o de urg\u00eancia geral do Hospital de Santa Maria, em Lisboa, era de 13 horas e 46 minutos pelas 9:30 de hoje, segundo dados do Portal do SNS.&#13;\n<\/p>\n<p>&#13;<br \/>\nDe acordo com a plataforma do Minist\u00e9rio da Sa\u00fade que regista e divulga os tempos m\u00e9dios de espera para atendimentos nas urg\u00eancias hospitalares, pelas 9:30, tr\u00eas doentes classificados como muito urgentes (pulseira laranja) aguardavam em m\u00e9dia 13 horas e 46 minutos para a primeira observa\u00e7\u00e3o na urg\u00eancia geral do Hospital de Santa Maria.&#13;\n<\/p>\n<p>&#13;<br \/>\nSegundo o sistema de triagem, as situa\u00e7\u00f5es muito urgentes t\u00eam um tempo m\u00e1ximo de atendimento recomendado nos 10 minutos seguintes \u00e0 triagem.&#13;\n<\/p>\n<p>&#13;<br \/>\nApesar de n\u00e3o ter, a essa hora, doentes muito urgentes \u00e0 espera de uma primeira observa\u00e7\u00e3o, no hospital Amadora-Sintra a expectativa m\u00e9dia de espera para doentes muito urgentes era de nove horas e seis minutos.&#13;\n<\/p>\n<p>&#13;<br \/>\nQuanto aos doentes urgentes, que t\u00eam um tempo recomendado para a primeira observa\u00e7\u00e3o de 60 minutos, a situa\u00e7\u00e3o mais cr\u00edtica era a do Amadora-Sintra, onde os doentes urgentes esperavam, em m\u00e9dia, 19 horas e 17 minutos at\u00e9 a primeira observa\u00e7\u00e3o e onde se encontravam 24 doentes nesta situa\u00e7\u00e3o.&#13;\n<\/p>\n<p>&#13;<br \/>\nA demora para a primeira observa\u00e7\u00e3o de doentes considerados urgentes era tamb\u00e9m grande no hospital Santa Maria, onde o tempo de espera para uma primeira observa\u00e7\u00e3o destes doentes com pulseira amarela era de 14 horas e 40 minutos, encontrando-se ent\u00e3o 16 pessoas classificados como urgentes.&#13;\n<\/p>\n<p>&#13;<br \/>\nNo Hospital Beatriz-\u00c2ngelo, em Loures, os doentes urgentes esperavam, em m\u00e9dia, 11 horas e 16 minutos, encontrando-se uma pessoa em espera de ser observada pela primeira vez.&#13;\n<\/p>\n<p>&#13;<br \/>\nNo Hospital Garcia de Orta, em almada, quatro pessoas com situa\u00e7\u00e3o de urg\u00eancia estavam \u00e0 espera de serem observadas pela primeira vez, com expectativa m\u00e9dia de tempo de espera de 36 minutos.&#13;\n<\/p>\n<p>&#13;<br \/>\nNo Hospital de S\u00e3o Jo\u00e3o, no Porto, 14 doentes urgentes esperavam, em m\u00e9dia, 57 minutos para serem observados pela primeira vez.&#13;\n<\/p>\n<p>&#13;<br \/>\nAs autoridades de sa\u00fade apelam \u00e0 popula\u00e7\u00e3o para que, antes de se deslocar a uma urg\u00eancia, contactem a Linha SNS24 (808 24 24 24) para receber orienta\u00e7\u00e3o adequada.&#13;<\/p>\n","protected":false},"excerpt":{"rendered":"&#13; O tempo de espera para doentes muito urgentes no servi\u00e7o de urg\u00eancia geral do Hospital de Santa&hellip;\n","protected":false},"author":2,"featured_media":210539,"comment_status":"","ping_status":"","sticky":false,"template":"","format":"standard","meta":{"footnotes":""},"categories":[10],"tags":[15877,27,28,15,16,17774,14,25,26,21,22,12,13,19,20,987,32,23,24,33,17,18,29,30,31],"class_list":{"0":"post-210538","1":"post","2":"type-post","3":"status-publish","4":"format-standard","5":"has-post-thumbnail","7":"category-portugal","8":"tag-beatriz-angelo","9":"tag-breaking-news","10":"tag-breakingnews","11":"tag-featured-news","12":"tag-featurednews","13":"tag-garcia","14":"tag-headlines","15":"tag-latest-news","16":"tag-latestnews","17":"tag-main-news","18":"tag-mainnews","19":"tag-news","20":"tag-noticias","21":"tag-noticias-principais","22":"tag-noticiasprincipais","23":"tag-portal","24":"tag-portugal","25":"tag-principais-noticias","26":"tag-principaisnoticias","27":"tag-pt","28":"tag-top-stories","29":"tag-topstories","30":"tag-ultimas","31":"tag-ultimas-noticias","32":"tag-ultimasnoticias"},"share_on_mastodon":{"url":"https:\/\/pubeurope.com\/@pt\/115820200526538165","error":""},"_links":{"self":[{"href":"https:\/\/www.europesays.com\/pt\/wp-json\/wp\/v2\/posts\/210538","targetHints":{"allow":["GET"]}}],"collection":[{"href":"https:\/\/www.europesays.com\/pt\/wp-json\/wp\/v2\/posts"}],"about":[{"href":"https:\/\/www.europesays.com\/pt\/wp-json\/wp\/v2\/types\/post"}],"author":[{"embeddable":true,"href":"https:\/\/www.europesays.com\/pt\/wp-json\/wp\/v2\/users\/2"}],"replies":[{"embeddable":true,"href":"https:\/\/www.europesays.com\/pt\/wp-json\/wp\/v2\/comments?post=210538"}],"version-history":[{"count":0,"href":"https:\/\/www.europesays.com\/pt\/wp-json\/wp\/v2\/posts\/210538\/revisions"}],"wp:featuredmedia":[{"embeddable":true,"href":"https:\/\/www.europesays.com\/pt\/wp-json\/wp\/v2\/media\/210539"}],"wp:attachment":[{"href":"https:\/\/www.europesays.com\/pt\/wp-json\/wp\/v2\/media?parent=210538"}],"wp:term":[{"taxonomy":"category","embeddable":true,"href":"https:\/\/www.europesays.com\/pt\/wp-json\/wp\/v2\/categories?post=210538"},{"taxonomy":"post_tag","embeddable":true,"href":"https:\/\/www.europesays.com\/pt\/wp-json\/wp\/v2\/tags?post=210538"}],"curies":[{"name":"wp","href":"https:\/\/api.w.org\/{rel}","templated":true}]}}