{"id":210542,"date":"2026-01-01T14:00:16","date_gmt":"2026-01-01T14:00:16","guid":{"rendered":"https:\/\/www.europesays.com\/pt\/210542\/"},"modified":"2026-01-01T14:00:16","modified_gmt":"2026-01-01T14:00:16","slug":"apos-ano-de-altos-e-baixos-jessica-vieira-afirma-eu-quero-ser-feliz","status":"publish","type":"post","link":"https:\/\/www.europesays.com\/pt\/210542\/","title":{"rendered":"Ap\u00f3s ano de altos e baixos, J\u00e9ssica Vieira afirma: &#8220;Eu quero ser feliz&#8221;"},"content":{"rendered":"<p>O ano de 2025 foi vivido em cheio por parte de J\u00e9ssica Vieira. Rec\u00e9m-sa\u00edda da oitava edi\u00e7\u00e3o de &#8220;<a href=\"https:\/\/tvi.iol.pt\/secretstory\/\" target=\"_blank\" rel=\"nofollow noopener\">Secret Story<\/a> &#8211; Casa dos Segredos&#8221;, a jovem enfrentou o fim da rela\u00e7\u00e3o com Afonso Leit\u00e3o, por quem se apaixonou na mans\u00e3o da Malveira e, meses depois, ultrapassada a rutura, sagrou-se campe\u00e3 do &#8220;<a href=\"https:\/\/tvi.iol.pt\/bigbrother\/\" target=\"_blank\" rel=\"nofollow noopener\">Big Brother<\/a> Ver\u00e3o&#8221;.<\/p>\n<p>Depois de um ano preenchido, <a href=\"https:\/\/selfie.iol.pt\/famosos\/jessica-vieira\/jessica-vieira-confessa-as-vezes-ate-me-sinto-um-bocado-perdida-nao-romantizo-isto\/20251216\/69419a6ed34e2bd5c6d52e0e\" target=\"_blank\" rel=\"nofollow noopener\">J\u00e9ssica Vieira<\/a> n\u00e3o tem d\u00favidas sobre o que deseja para 2026. &#8220;Quero muita sa\u00fade, quero muito amor, quero muito trabalho&#8230; Eu quero ser feliz, no fundo&#8221;, resume a ex-concorrente dos reality shows da <a href=\"https:\/\/tvi.iol.pt\/\" target=\"_blank\" rel=\"nofollow noopener\">TVI<\/a>, em declara\u00e7\u00f5es exclusivas \u00e0 SELFIE.<\/p>\n<p>Veja, agora, nas galerias que prepar\u00e1mos para si, as melhores imagens de\u00a0<a href=\"https:\/\/selfie.iol.pt\/famosos\/casa-dos-segredos\/jessica-vieira-passa-por-mudanca-lindissima-no-corpo-estas-sao-as-primeiras-imagens\/20251122\/692181a3d34e3caad84b90a4\" target=\"_blank\" rel=\"nofollow noopener\">J\u00e9ssica Vieira<\/a>.<\/p>\n","protected":false},"excerpt":{"rendered":"O ano de 2025 foi vivido em cheio por parte de J\u00e9ssica Vieira. Rec\u00e9m-sa\u00edda da oitava edi\u00e7\u00e3o de&hellip;\n","protected":false},"author":2,"featured_media":78261,"comment_status":"","ping_status":"","sticky":false,"template":"","format":"standard","meta":{"footnotes":""},"categories":[145],"tags":[6308,48,1170,2632,7869,211,210,114,115,741,6309,4763,980,1417,619,32,33,1014,1315,6985,7868,7867,1012,6986,7870,162,15375],"class_list":{"0":"post-210542","1":"post","2":"type-post","3":"status-publish","4":"format-standard","5":"has-post-thumbnail","7":"category-celebridades","8":"tag-bb","9":"tag-big-brother","10":"tag-big-brother-verao","11":"tag-casa-dos-segredos","12":"tag-casa-dos-segredos-8","13":"tag-celebridades","14":"tag-celebrities","15":"tag-entertainment","16":"tag-entretenimento","17":"tag-entrevista","18":"tag-ex-concorrente","19":"tag-exclusivo","20":"tag-famosos","21":"tag-jessica-vieira","22":"tag-nacional","23":"tag-portugal","24":"tag-pt","25":"tag-reality-show","26":"tag-secret-story","27":"tag-secret-story-casa-dos-segredos","28":"tag-secret-story-casa-dos-segredos-8","29":"tag-secret-story-8","30":"tag-selfie","31":"tag-ss","32":"tag-ss8","33":"tag-tvi","34":"tag-vencedora"},"share_on_mastodon":{"url":"https:\/\/pubeurope.com\/@pt\/115820207948667334","error":""},"_links":{"self":[{"href":"https:\/\/www.europesays.com\/pt\/wp-json\/wp\/v2\/posts\/210542","targetHints":{"allow":["GET"]}}],"collection":[{"href":"https:\/\/www.europesays.com\/pt\/wp-json\/wp\/v2\/posts"}],"about":[{"href":"https:\/\/www.europesays.com\/pt\/wp-json\/wp\/v2\/types\/post"}],"author":[{"embeddable":true,"href":"https:\/\/www.europesays.com\/pt\/wp-json\/wp\/v2\/users\/2"}],"replies":[{"embeddable":true,"href":"https:\/\/www.europesays.com\/pt\/wp-json\/wp\/v2\/comments?post=210542"}],"version-history":[{"count":0,"href":"https:\/\/www.europesays.com\/pt\/wp-json\/wp\/v2\/posts\/210542\/revisions"}],"wp:featuredmedia":[{"embeddable":true,"href":"https:\/\/www.europesays.com\/pt\/wp-json\/wp\/v2\/media\/78261"}],"wp:attachment":[{"href":"https:\/\/www.europesays.com\/pt\/wp-json\/wp\/v2\/media?parent=210542"}],"wp:term":[{"taxonomy":"category","embeddable":true,"href":"https:\/\/www.europesays.com\/pt\/wp-json\/wp\/v2\/categories?post=210542"},{"taxonomy":"post_tag","embeddable":true,"href":"https:\/\/www.europesays.com\/pt\/wp-json\/wp\/v2\/tags?post=210542"}],"curies":[{"name":"wp","href":"https:\/\/api.w.org\/{rel}","templated":true}]}}