{"id":210545,"date":"2026-01-01T14:05:14","date_gmt":"2026-01-01T14:05:14","guid":{"rendered":"https:\/\/www.europesays.com\/pt\/210545\/"},"modified":"2026-01-01T14:05:14","modified_gmt":"2026-01-01T14:05:14","slug":"tres-filmes-para-ver-esta-semana-observador-12","status":"publish","type":"post","link":"https:\/\/www.europesays.com\/pt\/210545\/","title":{"rendered":"Tr\u00eas filmes para ver esta semana \u2013 Observador"},"content":{"rendered":"<p><strong>\u201cMiroirs N\u00ba.3\u201d<\/strong><\/p>\n<p>Laura (Paula Beer) sobrevive ilesa ao acidente de via\u00e7\u00e3o em que morre o seu namorado e \u00e9 acolhida para recupera\u00e7\u00e3o por Betty (Barbara Auer), \u00e0 porta da qual se deu o desastre e que o testemunhou, o que causa algum inc\u00f3modo ao marido e ao filho desta. Laura ir\u00e1 depois perceber porqu\u00ea. Indo buscar o t\u00edtulo a uma pe\u00e7a de piano de Ravel (Laura \u00e9 pianista), a nova realiza\u00e7\u00e3o de Christian Petzold \u00e9\u00a0 uma entrada menor na sua filmografia, sem compara\u00e7\u00e3o com obras anteriores como B\u00e1rbara (2012), Phoenix (2014) ou Undine (2020). \u00d3bvio pelo lado narrativo e franzino pelo lado dram\u00e1tico, e com uma premissa que for\u00e7a a plausibilidade (algu\u00e9m meteria assim em casa uma total estranha?), Miroirs N\u00ba.3 at\u00e9 desaproveita a excelente Paula Beer.<\/p>\n<p><strong>\u201cOs Enforcados\u201d<\/strong><\/p>\n<p>Regina e Val\u00e9rio s\u00e3o ricos e moram numa luxuosa casa nas colinas do Rio de Janeiro, com uma vista de sonho para a Cidade Maravilhosa. Mas\u00a0 sua vida n\u00e3o \u00e9 perfeita, porque Val\u00e9rio nasceu na maior e mais poderosa fam\u00edlia do crime do Rio, e desde a morte do pai, ele quer sair a todo o custo e levar uma vida o mais normal poss\u00edvel ao lado da mulher. Mas o tio quer que ele substitua o pai \u00e0 frente da fam\u00edlia e assuma a gest\u00e3o dos neg\u00f3cios. Uma morte acidental vai fazer com que Regina e Val\u00e9rio mergulhem numa espiral de viol\u00eancia e os\u00a0 conduza ao caminho de que queriam escapar. Fernando Coimbra realiza Os Enforcados, uma co-produ\u00e7\u00e3o luso-brasileira interpretada por Leanda Leal, Irandhir Santos, Irene Ravache, P\u00eap\u00ea Rapazote e Stepan Nercessian.<\/p>\n<p><strong>\u201cA Criada\u201d<\/strong><\/p>\n<p>Em A Criada, de Paul Feig, baseado no best-seller de Freida McFadden (tamb\u00e9m produtora, juntamente com as duas principais int\u00e9rpretes, Sydney Sweeney e Amanda Seyfried), Sweeney interpreta Millie Calloway, uma rapariga sem emprego nem casa, reduzida a dormir, em pleno Inverno, dentro do carro em parques de estacionamento, e que quase por milagre consegue uma posi\u00e7\u00e3o de criada e ama na luxuosa casa nos sub\u00farbios de Nova Iorque de Nina Winchester (Seyfried) e do seu marido de sonho, Andrew (Brandon Sklenar), que t\u00eam uma filha, a antip\u00e1tica Cece. Mas cedo Millie vai perceber que nem tudo ali \u00e9 o que parece. A Criada foi escolhido como filme da semana pelo Observador <a href=\"https:\/\/observador.pt\/2025\/12\/31\/a-criada-sydney-sweeney-tem-bons-jeans-mas-uma-ma-patroa\/\" rel=\"nofollow noopener\" target=\"_blank\">e pode ler a cr\u00edtica aqui<\/a>.<\/p>\n","protected":false},"excerpt":{"rendered":"\u201cMiroirs N\u00ba.3\u201d Laura (Paula Beer) sobrevive ilesa ao acidente de via\u00e7\u00e3o em que morre o seu namorado e&hellip;\n","protected":false},"author":2,"featured_media":210546,"comment_status":"","ping_status":"","sticky":false,"template":"","format":"standard","meta":{"footnotes":""},"categories":[140],"tags":[470,315,114,115,1042,147,148,146,32,33],"class_list":{"0":"post-210545","1":"post","2":"type-post","3":"status-publish","4":"format-standard","5":"has-post-thumbnail","7":"category-filmes","8":"tag-cinema","9":"tag-cultura","10":"tag-entertainment","11":"tag-entretenimento","12":"tag-estreias","13":"tag-film","14":"tag-filmes","15":"tag-movies","16":"tag-portugal","17":"tag-pt"},"share_on_mastodon":{"url":"https:\/\/pubeurope.com\/@pt\/115820227898665063","error":""},"_links":{"self":[{"href":"https:\/\/www.europesays.com\/pt\/wp-json\/wp\/v2\/posts\/210545","targetHints":{"allow":["GET"]}}],"collection":[{"href":"https:\/\/www.europesays.com\/pt\/wp-json\/wp\/v2\/posts"}],"about":[{"href":"https:\/\/www.europesays.com\/pt\/wp-json\/wp\/v2\/types\/post"}],"author":[{"embeddable":true,"href":"https:\/\/www.europesays.com\/pt\/wp-json\/wp\/v2\/users\/2"}],"replies":[{"embeddable":true,"href":"https:\/\/www.europesays.com\/pt\/wp-json\/wp\/v2\/comments?post=210545"}],"version-history":[{"count":0,"href":"https:\/\/www.europesays.com\/pt\/wp-json\/wp\/v2\/posts\/210545\/revisions"}],"wp:featuredmedia":[{"embeddable":true,"href":"https:\/\/www.europesays.com\/pt\/wp-json\/wp\/v2\/media\/210546"}],"wp:attachment":[{"href":"https:\/\/www.europesays.com\/pt\/wp-json\/wp\/v2\/media?parent=210545"}],"wp:term":[{"taxonomy":"category","embeddable":true,"href":"https:\/\/www.europesays.com\/pt\/wp-json\/wp\/v2\/categories?post=210545"},{"taxonomy":"post_tag","embeddable":true,"href":"https:\/\/www.europesays.com\/pt\/wp-json\/wp\/v2\/tags?post=210545"}],"curies":[{"name":"wp","href":"https:\/\/api.w.org\/{rel}","templated":true}]}}