{"id":210551,"date":"2026-01-01T14:09:35","date_gmt":"2026-01-01T14:09:35","guid":{"rendered":"https:\/\/www.europesays.com\/pt\/210551\/"},"modified":"2026-01-01T14:09:35","modified_gmt":"2026-01-01T14:09:35","slug":"atlus-lanca-site-comemorativo-de-30-anos-de-persona-e-promete-muitas-novidades","status":"publish","type":"post","link":"https:\/\/www.europesays.com\/pt\/210551\/","title":{"rendered":"ATLUS lan\u00e7a site comemorativo de 30 anos de Persona e promete muitas novidades"},"content":{"rendered":"<p>A ATLUS lan\u00e7ou oficialmente o site comemorativo do Anivers\u00e1rio de 30 anos de <strong>Persona<\/strong>, celebrando tr\u00eas d\u00e9cadas de uma das franquias de RPG mais influentes do Jap\u00e3o. O portal especial, que j\u00e1 est\u00e1 no ar desde 31 de dezembro de 2025, apresenta uma arte in\u00e9dita criada por <strong>Shigenori Soejima<\/strong>, designer veterano da empresa.<\/p>\n<p>O site exibe todos os protagonistas dos principais jogos da franquia, reunidos em uma ilustra\u00e7\u00e3o especial que homenageia a jornada da s\u00e9rie desde seu in\u00edcio. A ATLUS tamb\u00e9m deixou claro que este \u00e9 apenas o come\u00e7o das celebra\u00e7\u00f5es, com uma primeira atualiza\u00e7\u00e3o anunciada para 8 de janeiro, sugerindo que novidades importantes est\u00e3o a caminho.<\/p>\n<p>Para quem acompanha a franquia Persona, estas celebra\u00e7\u00f5es representam um marco significativo. A s\u00e9rie, que come\u00e7ou como um spin-off de Shin Megami Tensei, conquistou sua pr\u00f3pria identidade e base de f\u00e3s global ao longo dos anos, especialmente ap\u00f3s o sucesso internacional de <strong>Persona 3, 4 e 5<\/strong>.<\/p>\n<p>Embora a ATLUS ainda n\u00e3o tenha revelado detalhes sobre o conte\u00fado das atualiza\u00e7\u00f5es futuras, especula-se que o anivers\u00e1rio de 30 anos possa trazer an\u00fancios de novos jogos, remasteriza\u00e7\u00f5es de t\u00edtulos cl\u00e1ssicos ou mesmo produtos comemorativos para os f\u00e3s da s\u00e9rie.<\/p>\n<p>Os interessados podem acessar o portal oficial do <a href=\"https:\/\/p-ch.jp\/p30th\/\" target=\"_blank\" rel=\"noopener nofollow\">Persona 30th Anniversary<\/a> para acompanhar todas as novidades.\u00a0<\/p>\n<p>Fonte: <a href=\"https:\/\/www.gematsu.com\/2025\/12\/persona-series-30th-anniversary-website-launched\" target=\"_blank\" rel=\"noopener nofollow\">Gematsu<\/a><\/p>\n","protected":false},"excerpt":{"rendered":"A ATLUS lan\u00e7ou oficialmente o site comemorativo do Anivers\u00e1rio de 30 anos de Persona, celebrando tr\u00eas d\u00e9cadas de&hellip;\n","protected":false},"author":2,"featured_media":210552,"comment_status":"","ping_status":"","sticky":false,"template":"","format":"standard","meta":{"footnotes":""},"categories":[84],"tags":[109,107,108,32,33,105,103,104,106,110],"class_list":{"0":"post-210551","1":"post","2":"type-post","3":"status-publish","4":"format-standard","5":"has-post-thumbnail","7":"category-ciencia-e-tecnologia","8":"tag-ciencia","9":"tag-ciencia-e-tecnologia","10":"tag-cienciaetecnologia","11":"tag-portugal","12":"tag-pt","13":"tag-science","14":"tag-science-and-technology","15":"tag-scienceandtechnology","16":"tag-technology","17":"tag-tecnologia"},"share_on_mastodon":{"url":"https:\/\/pubeurope.com\/@pt\/115820243366395826","error":""},"_links":{"self":[{"href":"https:\/\/www.europesays.com\/pt\/wp-json\/wp\/v2\/posts\/210551","targetHints":{"allow":["GET"]}}],"collection":[{"href":"https:\/\/www.europesays.com\/pt\/wp-json\/wp\/v2\/posts"}],"about":[{"href":"https:\/\/www.europesays.com\/pt\/wp-json\/wp\/v2\/types\/post"}],"author":[{"embeddable":true,"href":"https:\/\/www.europesays.com\/pt\/wp-json\/wp\/v2\/users\/2"}],"replies":[{"embeddable":true,"href":"https:\/\/www.europesays.com\/pt\/wp-json\/wp\/v2\/comments?post=210551"}],"version-history":[{"count":0,"href":"https:\/\/www.europesays.com\/pt\/wp-json\/wp\/v2\/posts\/210551\/revisions"}],"wp:featuredmedia":[{"embeddable":true,"href":"https:\/\/www.europesays.com\/pt\/wp-json\/wp\/v2\/media\/210552"}],"wp:attachment":[{"href":"https:\/\/www.europesays.com\/pt\/wp-json\/wp\/v2\/media?parent=210551"}],"wp:term":[{"taxonomy":"category","embeddable":true,"href":"https:\/\/www.europesays.com\/pt\/wp-json\/wp\/v2\/categories?post=210551"},{"taxonomy":"post_tag","embeddable":true,"href":"https:\/\/www.europesays.com\/pt\/wp-json\/wp\/v2\/tags?post=210551"}],"curies":[{"name":"wp","href":"https:\/\/api.w.org\/{rel}","templated":true}]}}