{"id":210553,"date":"2026-01-01T14:11:11","date_gmt":"2026-01-01T14:11:11","guid":{"rendered":"https:\/\/www.europesays.com\/pt\/210553\/"},"modified":"2026-01-01T14:11:11","modified_gmt":"2026-01-01T14:11:11","slug":"trump-o-presidente-empresario-que-quase-duplicou-fortuna-num-so-ano-de-mandato-jornal-de-noticias","status":"publish","type":"post","link":"https:\/\/www.europesays.com\/pt\/210553\/","title":{"rendered":"Trump, o presidente-empres\u00e1rio que quase duplicou fortuna num s\u00f3 ano de mandato &#8211; Jornal de Not\u00edcias"},"content":{"rendered":"<ol>\n<li><a href=\"https:\/\/news.google.com\/rss\/articles\/CBMiugFBVV95cUxNcW1WVXFCZDdjVHJjekhYOXc1VTI4NFJBa0xjY1lNcmIwbzJyVS1hRG9YUV9rVFBOdndHQWUza1pFMzB1cHVDT1FqQ1RCSjFDRWR6WHB2X1gxWXVCc2RNc09UejU4MW4zOXJzWHdHV3hBNVJuMng1c05LcVV5QnVEYXVkdGpCeVRfV1pWSzRxNGpERG9ORzJienBFSEJ0dEIyZEc5WXVzTVBmRXMzVk1UX1JaUjRmRlNOSUE?oc=5\" target=\"_blank\" rel=\"nofollow noopener\">Trump, o presidente-empres\u00e1rio que quase duplicou fortuna num s\u00f3 ano de mandato<\/a>&nbsp;&nbsp;Jornal de Not\u00edcias<\/li>\n<li><a href=\"https:\/\/news.google.com\/rss\/articles\/CBMirgFBVV95cUxNS0dqeHJpQmJZc1NFYkFKRVVERW9CRkJVVEpEbDV6SzRpekFlT1pMNlFkNm5HLTc0STNGUnBVRzhKUW5kcE9kNjVXYVFfRDNBNjhlZXh0VXFrMWUzSm9pYTdjcEpSMk9QX0VMVzF2NkJZb0cwaW05Mm93ZWQ5X0NyX3RSVUNjakxaSXNkNlFVLWdzaVFHcFN2cVZWeVg2U0syUk9WbTlYYV9uX05QdnfSAbMBQVVfeXFMTnBRVWY4Q1prbFl0dllZbVhxbFZVYzd1M1ZTWm9KZzhET3EzTFFxYXB2UUNGU0hpWGljbHZJeDdjUnE2SjdjMkthaXN3clF4NmRfUHB3NmxOLU1xUmtMVHRGT1JwMjg5clduMGg5U1ZtNHJlNFN5emNPNlViOTQ1NlR5Vk4tejQyeEc0TmlzTzNneDRDTnRkZWZOWEdLcFZHa1RUVHlBb3Rhc2E1NEZHNjJaQzQ?oc=5\" target=\"_blank\" rel=\"nofollow noopener\">Quem s\u00e3o os 12 bilion\u00e1rios que fazem parte do governo Trump<\/a>&nbsp;&nbsp;Folha de S.Paulo<\/li>\n<li><a href=\"https:\/\/news.google.com\/rss\/articles\/CBMixAFBVV95cUxNcE9icmZQOW12dW5CdEVlRlpvYm1qdHZVSC16VlBZX012azJ2VEozRXhQQmllWl9FNjdDcVVzV0s0VS1MNFFFU3FQbGhkTUtseC1NNmotcVM0YWJLVkFRaXVlVGJ3a1FCX1BMWFF3VmFOYTREanE0eGwyU0FxVDJzbHhnZG0wTi16LUgxN2ppNkpBSTQzLXpFWFZGZ3hwcHZjNEhnalZRRzVnSFpic21qemxCWW1RQU4wQ3ZsQ0F6TGxKRy0t?oc=5\" target=\"_blank\" rel=\"nofollow noopener\">3 maneiras pelas quais a riqueza de Trump disparou desde que ele retornou ao cargo<\/a>&nbsp;&nbsp;nflabrasileira.com.br<\/li>\n<li><a href=\"https:\/\/news.google.com\/rss\/articles\/CBMia0FVX3lxTFBNZzhKcS04S0hwclZQSzR4SG9Gam41ZHdJNlBma3dlSlNteC0yNjZSRW4td291RjRfbWpTb0hYbmhtei00SWxGdDgtUnZLcDVGM2swRVFJdzVpOGMzV2FkUnFZdEszUjQySEc0?oc=5\" target=\"_blank\" rel=\"nofollow noopener\">Rede de neg\u00f3cios e riqueza de Trump: um emaranhado de interesses<\/a>&nbsp;&nbsp;Folha de Curitiba<\/li>\n<li><a href=\"https:\/\/news.google.com\/rss\/articles\/CBMixgFBVV95cUxOc0pMVG9UUEFHYk4xejQ5c0M2X1RYYTdBUVc3VWtfa3FKTzVYV2ZjYnhWVUpaUFZJUHJkMy1jQVBBbXdldW1JU3RPNUN0ZlFiSDdIYllkOWlRZTBvemQ2LUpWdXN0aUphRHpFYVFLdHhMTFBOX25yek0temsxV0JGLVBJUVV1Y1BYVDlaSlBZTUpFNjdzZFJlRDRwOW5veklEaEJNaW1YWTlXbURMY01MNDVfUk8xQklYd3F5emtTazRnUlZ3VlE?oc=5\" target=\"_blank\" rel=\"nofollow noopener\">A riqueza de Trump triplicou impulsionada por empreendimentos de criptomoedas \u2014 diz Bernie Sanders<\/a>&nbsp;&nbsp;Coin Edition<\/li>\n<\/ol>\n","protected":false},"excerpt":{"rendered":"Trump, o presidente-empres\u00e1rio que quase duplicou fortuna num s\u00f3 ano de mandato&nbsp;&nbsp;Jornal de Not\u00edcias Quem s\u00e3o os 12&hellip;\n","protected":false},"author":2,"featured_media":210554,"comment_status":"","ping_status":"","sticky":false,"template":"","format":"standard","meta":{"footnotes":""},"categories":[50],"tags":[27,28,92,413,15,16,20460,14,25,26,21,22,62,12,13,19,20,23,24,17,18,29,30,31,63,64,65],"class_list":{"0":"post-210553","1":"post","2":"type-post","3":"status-publish","4":"format-standard","5":"has-post-thumbnail","7":"category-mundo","8":"tag-breaking-news","9":"tag-breakingnews","10":"tag-donald-trump","11":"tag-eua","12":"tag-featured-news","13":"tag-featurednews","14":"tag-fortuna","15":"tag-headlines","16":"tag-latest-news","17":"tag-latestnews","18":"tag-main-news","19":"tag-mainnews","20":"tag-mundo","21":"tag-news","22":"tag-noticias","23":"tag-noticias-principais","24":"tag-noticiasprincipais","25":"tag-principais-noticias","26":"tag-principaisnoticias","27":"tag-top-stories","28":"tag-topstories","29":"tag-ultimas","30":"tag-ultimas-noticias","31":"tag-ultimasnoticias","32":"tag-world","33":"tag-world-news","34":"tag-worldnews"},"share_on_mastodon":{"url":"https:\/\/pubeurope.com\/@pt\/115820251268594592","error":""},"_links":{"self":[{"href":"https:\/\/www.europesays.com\/pt\/wp-json\/wp\/v2\/posts\/210553","targetHints":{"allow":["GET"]}}],"collection":[{"href":"https:\/\/www.europesays.com\/pt\/wp-json\/wp\/v2\/posts"}],"about":[{"href":"https:\/\/www.europesays.com\/pt\/wp-json\/wp\/v2\/types\/post"}],"author":[{"embeddable":true,"href":"https:\/\/www.europesays.com\/pt\/wp-json\/wp\/v2\/users\/2"}],"replies":[{"embeddable":true,"href":"https:\/\/www.europesays.com\/pt\/wp-json\/wp\/v2\/comments?post=210553"}],"version-history":[{"count":0,"href":"https:\/\/www.europesays.com\/pt\/wp-json\/wp\/v2\/posts\/210553\/revisions"}],"wp:featuredmedia":[{"embeddable":true,"href":"https:\/\/www.europesays.com\/pt\/wp-json\/wp\/v2\/media\/210554"}],"wp:attachment":[{"href":"https:\/\/www.europesays.com\/pt\/wp-json\/wp\/v2\/media?parent=210553"}],"wp:term":[{"taxonomy":"category","embeddable":true,"href":"https:\/\/www.europesays.com\/pt\/wp-json\/wp\/v2\/categories?post=210553"},{"taxonomy":"post_tag","embeddable":true,"href":"https:\/\/www.europesays.com\/pt\/wp-json\/wp\/v2\/tags?post=210553"}],"curies":[{"name":"wp","href":"https:\/\/api.w.org\/{rel}","templated":true}]}}