{"id":210570,"date":"2026-01-01T14:26:36","date_gmt":"2026-01-01T14:26:36","guid":{"rendered":"https:\/\/www.europesays.com\/pt\/210570\/"},"modified":"2026-01-01T14:26:36","modified_gmt":"2026-01-01T14:26:36","slug":"nove-mortos-e-215-detidos-por-excesso-de-alcool-nas-estradas-portuguesas-em-quatro-dias","status":"publish","type":"post","link":"https:\/\/www.europesays.com\/pt\/210570\/","title":{"rendered":"Nove mortos e 215 detidos por excesso de \u00e1lcool nas estradas portuguesas em quatro dias"},"content":{"rendered":"<p data-remotead-prev-elm=\"true\" data-remotead-elm-id=\"inread\">Em comunicados divulgados hoje, as duas for\u00e7as policiais registaram, entre s\u00e1bado e ter\u00e7a-feira, 1.259 acidentes rodovi\u00e1rios, dos quais resultaram nove mortos, 27 feridos graves e 356 ligeiros na opera\u00e7\u00e3o que se prolonga at\u00e9 4 de janeiro, domingo.<\/p>\n<p>No caso da PSP, as v\u00edtimas mortais resultaram dos acidentes que ocorreram em Vila Nova de Gaia, Porto, e em Benfica, Lisboa.<\/p>\n<p>Os acidentes com v\u00edtimas mortais registados pela GNR ocorreram na Autoestrada 1, em Alcanena (Santar\u00e9m), na Estrada Nacional (EN) 9, em Torres Vedras (Lisboa), EN 15 na Lixa (Porto), na EN 111 em Montemor-o-Velho (Coimbra), na EN 230 em \u00c1gueda (Aveiro), na EN 255-1 em Sobral da Adi\u00e7a (Beja) e na Pra\u00e7a da Independ\u00eancia, em Castelo de Paiva (Aveiro).<\/p>\n<p data-remotead-prev-elm=\"true\" data-remotead-elm-id=\"centro1\">A Guarda Nacional Republicana indica que, entre s\u00e1bado e ter\u00e7a-feira, foram fiscalizados 34.063 condutores, dos quais 205 conduziam com excesso de \u00e1lcool e, destes, 134 foram detidos por conduzirem com uma taxa de \u00e1lcool no sangue igual ou superior a 1,2 g\/l, al\u00e9m de terem sido tamb\u00e9m detidas 67 pessoas por condu\u00e7\u00e3o sem habilita\u00e7\u00e3o legal.<\/p>\n<p>A GNR refere ainda que registou 5.558 contraordena\u00e7\u00f5es rodovi\u00e1rias, 994 das quais por excesso de velocidade, 143 por falta ou incorreta utiliza\u00e7\u00e3o do cinto de seguran\u00e7a, 138 por uso do telem\u00f3vel durante a condu\u00e7\u00e3o, 732 por falta de inspe\u00e7\u00e3o peri\u00f3dica obrigat\u00f3ria e 225 por falta de seguro de responsabilidade civil obrigat\u00f3rio.<\/p>\n<p>Por sua vez, a Pol\u00edcia de Seguran\u00e7a P\u00fablica fez, em quatro dias, 258 deten\u00e7\u00f5es, das quais 144 por crimes rodovi\u00e1rios, nomeadamente 81 por condu\u00e7\u00e3o em estado de embriaguez e 52 por falta de habilita\u00e7\u00e3o legal para conduzir.<\/p>\n<p data-remotead-prev-elm=\"true\" data-remotead-elm-id=\"centro2\">A PSP deteve tamb\u00e9m 15 pessoas por furtos e roubos e 28 suspeitos por tr\u00e1fico de droga e apreendeu cinco armas de fogo, 14 armas brancas, 22 muni\u00e7\u00f5es e 12.326 artigos de pirotecnia.<\/p>\n<p>Nas estradas, a pol\u00edcia fiscalizou 5.362 condutores e controladas 23.887 viaturas por radar, sendo detetadas 1.763 infra\u00e7\u00f5es, 253 das quais por excesso de velocidade e 166 por falta de inspe\u00e7\u00e3o peri\u00f3dica obrigat\u00f3ria<\/p>\n<p>A PSP e a GNR tem a decorrer desde 18 de dezembro e 04 de janeiro opera\u00e7\u00f5es focadas nos per\u00edodos de Natal e de Ano Novo.<\/p>\n","protected":false},"excerpt":{"rendered":"Em comunicados divulgados hoje, as duas for\u00e7as policiais registaram, entre s\u00e1bado e ter\u00e7a-feira, 1.259 acidentes rodovi\u00e1rios, dos quais&hellip;\n","protected":false},"author":2,"featured_media":210571,"comment_status":"","ping_status":"","sticky":false,"template":"","format":"standard","meta":{"footnotes":""},"categories":[10],"tags":[59,27,28,15,16,14,25,26,21,22,619,12,13,19,20,32,23,24,33,17,18,29,30,31],"class_list":{"0":"post-210570","1":"post","2":"type-post","3":"status-publish","4":"format-standard","5":"has-post-thumbnail","7":"category-portugal","8":"tag-acidente","9":"tag-breaking-news","10":"tag-breakingnews","11":"tag-featured-news","12":"tag-featurednews","13":"tag-headlines","14":"tag-latest-news","15":"tag-latestnews","16":"tag-main-news","17":"tag-mainnews","18":"tag-nacional","19":"tag-news","20":"tag-noticias","21":"tag-noticias-principais","22":"tag-noticiasprincipais","23":"tag-portugal","24":"tag-principais-noticias","25":"tag-principaisnoticias","26":"tag-pt","27":"tag-top-stories","28":"tag-topstories","29":"tag-ultimas","30":"tag-ultimas-noticias","31":"tag-ultimasnoticias"},"share_on_mastodon":{"url":"https:\/\/pubeurope.com\/@pt\/115820310594020543","error":""},"_links":{"self":[{"href":"https:\/\/www.europesays.com\/pt\/wp-json\/wp\/v2\/posts\/210570","targetHints":{"allow":["GET"]}}],"collection":[{"href":"https:\/\/www.europesays.com\/pt\/wp-json\/wp\/v2\/posts"}],"about":[{"href":"https:\/\/www.europesays.com\/pt\/wp-json\/wp\/v2\/types\/post"}],"author":[{"embeddable":true,"href":"https:\/\/www.europesays.com\/pt\/wp-json\/wp\/v2\/users\/2"}],"replies":[{"embeddable":true,"href":"https:\/\/www.europesays.com\/pt\/wp-json\/wp\/v2\/comments?post=210570"}],"version-history":[{"count":0,"href":"https:\/\/www.europesays.com\/pt\/wp-json\/wp\/v2\/posts\/210570\/revisions"}],"wp:featuredmedia":[{"embeddable":true,"href":"https:\/\/www.europesays.com\/pt\/wp-json\/wp\/v2\/media\/210571"}],"wp:attachment":[{"href":"https:\/\/www.europesays.com\/pt\/wp-json\/wp\/v2\/media?parent=210570"}],"wp:term":[{"taxonomy":"category","embeddable":true,"href":"https:\/\/www.europesays.com\/pt\/wp-json\/wp\/v2\/categories?post=210570"},{"taxonomy":"post_tag","embeddable":true,"href":"https:\/\/www.europesays.com\/pt\/wp-json\/wp\/v2\/tags?post=210570"}],"curies":[{"name":"wp","href":"https:\/\/api.w.org\/{rel}","templated":true}]}}