{"id":210575,"date":"2026-01-01T14:31:11","date_gmt":"2026-01-01T14:31:11","guid":{"rendered":"https:\/\/www.europesays.com\/pt\/210575\/"},"modified":"2026-01-01T14:31:11","modified_gmt":"2026-01-01T14:31:11","slug":"marisa-revela-os-momentos-mais-intensos-da-sua-passagem-pelo-secret-story-9-secret-story","status":"publish","type":"post","link":"https:\/\/www.europesays.com\/pt\/210575\/","title":{"rendered":"Marisa revela os momentos mais intensos da sua passagem pelo Secret Story 9 &#8211; Secret Story"},"content":{"rendered":"<p style=\"margin-bottom:11px\">Na Gala do Secret Story 9, assistimos aos momentos mais marcantes de Marisa dentro da casa mais vigiada do Pa\u00eds. Veja os momentos mais fortes da concorrente.<\/p>\n<p style=\"margin-bottom:11px\"><b>A decis\u00e3o est\u00e1 nas suas m\u00e3os! Vote j\u00e1 no seu concorrente favorito atrav\u00e9s da app TVI Reality ou das linhas telef\u00f3nicas:<\/b><\/p>\n<p style=\"margin-bottom:11px\"><b>IN\u00caS &#8211; 761 20 20 10<br \/>LILIANA &#8211; 761 20 20 14<br \/>MARISA &#8211; 761 20 20 16<br \/>PEDRO &#8211; 761 20 20 18<\/b><\/p>\n<p style=\"margin-bottom:11px\"><b><a href=\"https:\/\/tvi.iol.pt\/secretstory\/aominuto\" style=\"color:#467886; text-decoration:underline\" rel=\"nofollow noopener\" target=\"_blank\">Veja aqui tudo o que se passa na casa do Secret Story 9<\/a><\/b><\/p>\n<p style=\"margin-bottom:11px\">\u00a0<\/p>\n<p style=\"margin-bottom:11px\">\u00a0<\/p>\n","protected":false},"excerpt":{"rendered":"Na Gala do Secret Story 9, assistimos aos momentos mais marcantes de Marisa dentro da casa mais vigiada&hellip;\n","protected":false},"author":2,"featured_media":210576,"comment_status":"","ping_status":"","sticky":false,"template":"","format":"standard","meta":{"footnotes":""},"categories":[142],"tags":[114,115,19033,19184,19034,11541,32,33,151,19032],"class_list":{"0":"post-210575","1":"post","2":"type-post","3":"status-publish","4":"format-standard","5":"has-post-thumbnail","7":"category-tv","8":"tag-entertainment","9":"tag-entretenimento","10":"tag-galas-em-video","11":"tag-marisa","12":"tag-melhores-momentos-casa-dos-segredos","13":"tag-momentos","14":"tag-portugal","15":"tag-pt","16":"tag-tv","17":"tag-videos-secret-story-tvi"},"share_on_mastodon":{"url":"https:\/\/pubeurope.com\/@pt\/115820329917452106","error":""},"_links":{"self":[{"href":"https:\/\/www.europesays.com\/pt\/wp-json\/wp\/v2\/posts\/210575","targetHints":{"allow":["GET"]}}],"collection":[{"href":"https:\/\/www.europesays.com\/pt\/wp-json\/wp\/v2\/posts"}],"about":[{"href":"https:\/\/www.europesays.com\/pt\/wp-json\/wp\/v2\/types\/post"}],"author":[{"embeddable":true,"href":"https:\/\/www.europesays.com\/pt\/wp-json\/wp\/v2\/users\/2"}],"replies":[{"embeddable":true,"href":"https:\/\/www.europesays.com\/pt\/wp-json\/wp\/v2\/comments?post=210575"}],"version-history":[{"count":0,"href":"https:\/\/www.europesays.com\/pt\/wp-json\/wp\/v2\/posts\/210575\/revisions"}],"wp:featuredmedia":[{"embeddable":true,"href":"https:\/\/www.europesays.com\/pt\/wp-json\/wp\/v2\/media\/210576"}],"wp:attachment":[{"href":"https:\/\/www.europesays.com\/pt\/wp-json\/wp\/v2\/media?parent=210575"}],"wp:term":[{"taxonomy":"category","embeddable":true,"href":"https:\/\/www.europesays.com\/pt\/wp-json\/wp\/v2\/categories?post=210575"},{"taxonomy":"post_tag","embeddable":true,"href":"https:\/\/www.europesays.com\/pt\/wp-json\/wp\/v2\/tags?post=210575"}],"curies":[{"name":"wp","href":"https:\/\/api.w.org\/{rel}","templated":true}]}}