{"id":210597,"date":"2026-01-01T14:51:17","date_gmt":"2026-01-01T14:51:17","guid":{"rendered":"https:\/\/www.europesays.com\/pt\/210597\/"},"modified":"2026-01-01T14:51:17","modified_gmt":"2026-01-01T14:51:17","slug":"apple-reduz-producao-do-vision-pro-apos-vendas-fracas-01-01-2026-economia","status":"publish","type":"post","link":"https:\/\/www.europesays.com\/pt\/210597\/","title":{"rendered":"Apple reduz produ\u00e7\u00e3o do Vision Pro ap\u00f3s vendas fracas &#8211; 01\/01\/2026 &#8211; Economia"},"content":{"rendered":"<p>A <a href=\"https:\/\/www1.folha.uol.com.br\/folha-topicos\/apple\/\" rel=\"nofollow noopener\" target=\"_blank\">Apple<\/a> reduziu os esfor\u00e7os de fabrica\u00e7\u00e3o e marketing em torno do seu headset Vision Pro, com a gigante de tecnologia de US$ 4 trilh\u00f5es enfrentando um raro fracasso em atrair consumidores para um novo dispositivo.<\/p>\n<p>A parceira chinesa de fabrica\u00e7\u00e3o da empresa, Luxshare, interrompeu a produ\u00e7\u00e3o do dispositivo de &#8220;computa\u00e7\u00e3o espacial&#8221; no in\u00edcio do ano passado, de acordo com o grupo de pesquisa de mercado International Data Corporation, e enviou 390.000 unidades em 2024 durante o lan\u00e7amento do Vision Pro.<\/p>\n<p>A Apple tamb\u00e9m reduziu os gastos com publicidade digital para o headset em mais de 95% no acumulado do ano em mercados como Estados Unidos e Reino Unido, segundo o grupo de intelig\u00eancia de mercado Sensor Tower.<\/p>\n<p>As medidas s\u00e3o um sinal da demanda contida dos consumidores por um dispositivo que era visto como um grande teste da capacidade da Apple de continuar inovando e encontrar crescimento al\u00e9m do <a href=\"https:\/\/www1.folha.uol.com.br\/folha-topicos\/iphone\/\" rel=\"nofollow noopener\" target=\"_blank\">iPhone<\/a>, que representa cerca de metade da receita total.<\/p>\n<p>O grupo do Vale do Sil\u00edcio n\u00e3o revelou n\u00fameros de vendas do Vision Pro, cujo pre\u00e7o come\u00e7a em US$ 3.499. Mas a IDC espera que a Apple envie apenas 45.000 novas unidades do Vision Pro no \u00faltimo trimestre de 2025, durante o per\u00edodo crucial de vendas de Natal. Isso se compara a milh\u00f5es de iPhones, iPads e MacBooks vendidos a cada trimestre.<\/p>\n<p>A Apple vende o dispositivo diretamente em 13 pa\u00edses, mas n\u00e3o expandiu seu lan\u00e7amento internacional em 2025.<\/p>\n<p>&#8220;Podemos dizer que o custo, o formato e a falta de aplicativos nativos para o VisionOS s\u00e3o as raz\u00f5es pelas quais o Vision Pro nunca vendeu amplamente&#8221;, disse o analista do Morgan Stanley, Erik Woodring.<\/p>\n<p>Cr\u00edticos apontaram que o Vision Pro \u00e9 pesado e desconfort\u00e1vel para usar por longos per\u00edodos, al\u00e9m de ter uma vida \u00fatil de bateria relativamente baixa.<\/p>\n<p>Em outubro, a Apple lan\u00e7ou uma vers\u00e3o atualizada M5 do Vision Pro com um chip mais potente, vida \u00fatil de bateria estendida e um novo design de faixa para a cabe\u00e7a, visando resolver alguns desses problemas.<\/p>\n<p>A Apple deve lan\u00e7ar uma vers\u00e3o mais barata e com especifica\u00e7\u00f5es reduzidas do dispositivo este ano.<\/p>\n<p>Dispositivos semelhantes tamb\u00e9m est\u00e3o falhando em atrair o interesse do consumidor. O mercado geral de headsets de realidade virtual caiu 14% em rela\u00e7\u00e3o ao ano anterior, de acordo com a Counterpoint Research.<\/p>\n<p>Cerca de 80% do mercado \u00e9 composto pelos headsets Quest da <a href=\"https:\/\/www1.folha.uol.com.br\/folha-topicos\/meta\/\" rel=\"nofollow noopener\" target=\"_blank\">Meta<\/a>, cujo pre\u00e7o come\u00e7a em cerca de US$ 370, mas t\u00eam recursos tecnicamente menos avan\u00e7ados. A Meta tamb\u00e9m reduziu substancialmente seus gastos com marketing digital para seu gadget de realidade virtual no \u00faltimo ano.<\/p>\n<p>Analistas da ind\u00fastria afirmaram que a Apple tem lutado para resolver o dilema de ter aplicativos suficientes para atrair clientes para o Vision Pro, sem usu\u00e1rios suficientes para incentivar os desenvolvedores a criar conte\u00fado.<\/p>\n<p>A Apple diz que h\u00e1 3.000 aplicativos projetados especificamente para o Vision Pro. Isso est\u00e1 muito abaixo das dezenas de milhares de aplicativos que apareceram no iPhone no per\u00edodo de um ano ap\u00f3s o lan\u00e7amento da App Store em 2008.<\/p>\n<p>O grupo de intelig\u00eancia de mercado Appfigures disse que esse n\u00famero provavelmente inclu\u00eda alguns aplicativos espec\u00edficos do setor. O Vision Pro fez algum progresso no mercado empresarial, onde \u00e9 usado para fins espec\u00edficos, como treinamento de pilotos e cirurgias.<\/p>\n<p>A Apple recusou-se a comentar.<\/p>\n","protected":false},"excerpt":{"rendered":"A Apple reduziu os esfor\u00e7os de fabrica\u00e7\u00e3o e marketing em torno do seu headset Vision Pro, com a&hellip;\n","protected":false},"author":2,"featured_media":210598,"comment_status":"","ping_status":"","sticky":false,"template":"","format":"standard","meta":{"footnotes":""},"categories":[84],"tags":[247,109,107,108,236,250,249,111,32,33,105,103,104,106,110],"class_list":{"0":"post-210597","1":"post","2":"type-post","3":"status-publish","4":"format-standard","5":"has-post-thumbnail","7":"category-ciencia-e-tecnologia","8":"tag-apple","9":"tag-ciencia","10":"tag-ciencia-e-tecnologia","11":"tag-cienciaetecnologia","12":"tag-folha","13":"tag-ipad","14":"tag-iphone","15":"tag-meta","16":"tag-portugal","17":"tag-pt","18":"tag-science","19":"tag-science-and-technology","20":"tag-scienceandtechnology","21":"tag-technology","22":"tag-tecnologia"},"share_on_mastodon":{"url":"https:\/\/pubeurope.com\/@pt\/115820408500334248","error":""},"_links":{"self":[{"href":"https:\/\/www.europesays.com\/pt\/wp-json\/wp\/v2\/posts\/210597","targetHints":{"allow":["GET"]}}],"collection":[{"href":"https:\/\/www.europesays.com\/pt\/wp-json\/wp\/v2\/posts"}],"about":[{"href":"https:\/\/www.europesays.com\/pt\/wp-json\/wp\/v2\/types\/post"}],"author":[{"embeddable":true,"href":"https:\/\/www.europesays.com\/pt\/wp-json\/wp\/v2\/users\/2"}],"replies":[{"embeddable":true,"href":"https:\/\/www.europesays.com\/pt\/wp-json\/wp\/v2\/comments?post=210597"}],"version-history":[{"count":0,"href":"https:\/\/www.europesays.com\/pt\/wp-json\/wp\/v2\/posts\/210597\/revisions"}],"wp:featuredmedia":[{"embeddable":true,"href":"https:\/\/www.europesays.com\/pt\/wp-json\/wp\/v2\/media\/210598"}],"wp:attachment":[{"href":"https:\/\/www.europesays.com\/pt\/wp-json\/wp\/v2\/media?parent=210597"}],"wp:term":[{"taxonomy":"category","embeddable":true,"href":"https:\/\/www.europesays.com\/pt\/wp-json\/wp\/v2\/categories?post=210597"},{"taxonomy":"post_tag","embeddable":true,"href":"https:\/\/www.europesays.com\/pt\/wp-json\/wp\/v2\/tags?post=210597"}],"curies":[{"name":"wp","href":"https:\/\/api.w.org\/{rel}","templated":true}]}}