{"id":210636,"date":"2026-01-01T15:26:09","date_gmt":"2026-01-01T15:26:09","guid":{"rendered":"https:\/\/www.europesays.com\/pt\/210636\/"},"modified":"2026-01-01T15:26:09","modified_gmt":"2026-01-01T15:26:09","slug":"picasso-avaliado-em-1-milhao-de-euros-pode-ser-seu-por-apenas-100-euros","status":"publish","type":"post","link":"https:\/\/www.europesays.com\/pt\/210636\/","title":{"rendered":"Picasso avaliado em 1 milh\u00e3o de euros pode ser seu por apenas 100 euros"},"content":{"rendered":"<p class=\"wp-caption-text top\">Succesion Picasso, Paris <\/p>\n<p><img decoding=\"async\" loading=\"lazy\" class=\"wp-image-720048 size-kopa-image-size-3\" src=\"https:\/\/www.europesays.com\/pt\/wp-content\/uploads\/2026\/01\/2c551fdfed635fde0c6f4683a473adbe-783x450.jpg\" alt=\"\" width=\"700\" height=\"402\"  \/><\/p>\n<p class=\"wp-caption-text bot\">Olivier Widmaier Picasso e P\u00e9ri Cochin posam com \u201cT\u00eate de femme\u201d (1941), de Pablo Picasso.<\/p>\n<p><strong>O retrato \u201cT\u00eate de femme\u201d, obra de um dos artistas mais influentes do s\u00e9culo XX, vai ser sorteado, \u00e0 escala mundial, para financiar investiga\u00e7\u00e3o sobre o Alzheimer. Qualquer pessoa, em qualquer parte do mundo, pode participar.<br \/><\/strong><\/p>\n<p>As obras de Picasso figuram consistentemente entre as mais valiosas do mundo, com quadros que j\u00e1 atingiram mais de 100 milh\u00f5es de d\u00f3lares em leil\u00e3o.<\/p>\n<p>Mas <strong>j\u00e1 n\u00e3o \u00e9 preciso ser multimilion\u00e1rio<\/strong> para possuir um Picasso. Por apenas 100 euros, <strong>qualquer pessoa, em qualquer parte do mundo<\/strong>, pode ganhar um quadro de um dos mais influentes artistas do s\u00e9culo XX.<\/p>\n<p>A <a href=\"https:\/\/alzheimer-recherche.org\/\" data-wpel-link=\"external\" target=\"_blank\" rel=\"nofollow external noopener noreferrer\" class=\"ext-link\">Fondation Recherche Alzheimer<\/a>, sediada em Fran\u00e7a, anunciou recentemente o sorteio do retrato \u201c<strong>T\u00eate de femme<\/strong>\u201d, pintado por Picasso em 1941 e avaliado em mais de 1 milh\u00e3o de euros, que ser\u00e1 atribu\u00eddo a <strong>um \u00fanico vencedor<\/strong>.<\/p>\n<p>Segundo o <a href=\"https:\/\/www.theguardian.com\/artanddesign\/2025\/dec\/31\/picasso-portrait-charity-auction-alzheimers\" data-wpel-link=\"external\" target=\"_blank\" rel=\"nofollow external noopener noreferrer\" class=\"ext-link\">The Guardian<\/a>, o valor angariado com a venda dos bilhetes reverter\u00e1 para <strong>apoiar a investiga\u00e7\u00e3o sobre o Alzheimer<\/strong>, uma das principais causas de morte e incapacidade a n\u00edvel global.<\/p>\n<p>O projeto, intitulado \u201c<a href=\"https:\/\/1picasso100euros.com\/\" data-wpel-link=\"external\" target=\"_blank\" rel=\"nofollow external noopener noreferrer\" class=\"ext-link\">1 Picasso por 100 Euros<\/a>\u201d, \u00e9 pioneiro a n\u00edvel mundial e representa, segundo o neto do artista,<strong> Olivier Picasso<\/strong>, uma continua\u00e7\u00e3o natural do legado do av\u00f4.<\/p>\n<p>\u201cO meu av\u00f4 <strong>era uma pessoa muito generosa, mas tamb\u00e9m discreta<\/strong>\u201d, contou Olivier ao jornal brit\u00e2nico. \u201cAjudou a fam\u00edlia, especialmente a minha av\u00f3 Marie-Th\u00e9r\u00e8se. Ajudou amigos. Apoiou pessoas necessitadas durante a guerra civil espanhola, durante a Segunda Guerra Mundial e, at\u00e9 depois, nos anos 50 e 60.<\/p>\n<p>\u201cPor isso, para mim, este projeto \u00e9 uma parte absolutamente l\u00f3gica e leg\u00edtima do seu legado. Espero, se poss\u00edvel, <strong>conseguir repeti-lo todos os anos<\/strong>\u201d, acrescenta o neto do pintor malaguenho.<\/p>\n<p>A ideia do sorteio partiu de <strong>P\u00e9ri Cochin<\/strong>, produtora de televis\u00e3o francesa e propriet\u00e1ria da empresa de artigos de mesa <a href=\"https:\/\/waww.fr\/\" data-wpel-link=\"external\" target=\"_blank\" rel=\"nofollow external noopener noreferrer\" class=\"ext-link\">Waww La Table<\/a>. Cochin inspirou-se ao ver a m\u00e3e a <strong>organizar rifas em eventos de angaria\u00e7\u00e3o de fundos<\/strong>.<\/p>\n<p>\u201cPensei: <strong>n\u00e3o seria fant\u00e1stico fazer um sorteio \u00e0 escala mundial<\/strong>, vendendo bilhetes online? Decidi que teria de ser uma obra de arte, e qual \u00e9 o nome mais famoso no mundo da arte? Obviamente, \u00e9 Picasso\u201d, afirmou.<\/p>\n<p>Cochin <strong>contactou Olivier Picasso, seu amigo de inf\u00e2ncia<\/strong>. Depois de receber a aprova\u00e7\u00e3o dele, da administra\u00e7\u00e3o da Succesion Picasso, e da fam\u00edlia, reservou a pintura na Opera Gallery, que receber\u00e1 <strong>pouco menos de 1 milh\u00e3o<\/strong> de euros ap\u00f3s o sorteio.<\/p>\n<p>\u201cEstamos habituados a ouvir falar de Picasso e de leil\u00f5es com pre\u00e7os astron\u00f3micos, mas <strong>esta foi a primeira vez em que o nome de Picasso<\/strong> esteve realmente associado a uma <strong>causa solid\u00e1ria<\/strong>\u201d, explicou.<\/p>\n<p>Cochin j\u00e1 organizou <strong>dois sorteios anteriores de obras de Picasso<\/strong>, em 2013 e 2020, tendo angariado mais de 10 milh\u00f5es de euros no total.<\/p>\n<p>O primeiro vencedor foi <strong>Jeffrey Gonano<\/strong>, ent\u00e3o com 25 anos, que ficou com um desenho de Picasso avaliado em 860 mil euros. \u201cEle deixou o quadro algum tempo no Museu de Pittsburgh e agora est\u00e1 <strong>guardado na Christie\u2019s<\/strong> em Nova Iorque, porque<strong> n\u00e3o queria t\u00ea-lo em casa<\/strong>\u201d, contou.<\/p>\n<p>A segunda vencedora foi <strong>Claudia Borgogno<\/strong>, contabilista de Ventimiglia, It\u00e1lia, que recebeu o bilhete de rifa como prenda de Natal do filho. Tornou-se propriet\u00e1ria de um Picasso de 1921, avaliado em <strong>1 milh\u00e3o de euros<\/strong>. \u201cEla ainda guarda o quadro, diz que mudou a sua vida. \u00c9 mesmo uma bonita hist\u00f3ria\u201d, conclui Cochin.<\/p>\n<p>Olivier referiu que a fam\u00edlia \u201c<strong>sentiu uma liga\u00e7\u00e3o imediata ao projeto<\/strong>\u201d, sobretudo porque o dinheiro <strong>reverter\u00e1 para uma causa importante<\/strong>.<\/p>\n<p><strong> N\u00e3o existe cura para a doen\u00e7a de Alzheimer<\/strong>, nem tratamentos que possam travar ou reverter a sua progress\u00e3o. \u201cHoje que vivemos mais tempo do que antes, n\u00f3s pr\u00f3prios ou pessoas pr\u00f3ximas podemos ser afetados pela doen\u00e7a. Sei bem como \u00e9 dif\u00edcil e doloroso\u201d, acrescentou.<\/p>\n<p>O objetivo \u00e9 <strong>vender 120 mil bilhetes, angariando 11 milh\u00f5es de euros<\/strong> para a investiga\u00e7\u00e3o do Alzheimer.<strong> O sorteio est\u00e1 marcado para 14 de abril<\/strong>, na leiloeira Christie\u2019s, em Paris. Se n\u00e3o forem vendidos bilhetes suficientes para cobrir o valor da obra,<strong> todos os participantes ser\u00e3o reembolsados<\/strong>.<\/p>\n<p>At\u00e9 14 de abril pode ent\u00e3o participar no sorteio. As rifas est\u00e3o \u00e0 venda <a href=\"https:\/\/1picasso100euros.com\/\" data-wpel-link=\"external\" target=\"_blank\" rel=\"nofollow external noopener noreferrer\" class=\"ext-link\">aqui<\/a>.<\/p>\n<p>    <a href=\"https:\/\/zap.aeiou.pt\/subscrever-newsletter\" data-wpel-link=\"internal\" rel=\"nofollow noopener\" target=\"_blank\">&#13;<br \/>\n        <img loading=\"lazy\" decoding=\"async\" class=\"aligncenter size-full wp-image-575475\" src=\"https:\/\/www.europesays.com\/pt\/wp-content\/uploads\/2025\/12\/1765389371_545_2d51fe4a0ba54894421ead1809309ed9-1-450x140.jpg\" alt=\"Subscreva a Newsletter ZAP\" width=\"450\" height=\"140\"\/>&#13;<br \/>\n    <\/a><\/p>\n<p>                <a href=\"https:\/\/whatsapp.com\/channel\/0029VaIC4EE2f3EJZPPSbR34\" data-wpel-link=\"external\" target=\"_blank\" rel=\"nofollow external noopener noreferrer\" class=\"ext-link\">&#13;<br \/>\n                    <img loading=\"lazy\" decoding=\"async\" class=\"aligncenter size-full wp-image-575475\" src=\"https:\/\/www.europesays.com\/pt\/wp-content\/uploads\/2025\/12\/1765389371_770_c68c559d956d4ca20f435ed74a6e71e6.png\" alt=\"Siga-nos no WhatsApp\" width=\"175\" height=\"64\"\/>&#13;<br \/>\n                <\/a><\/p>\n<p>                <a href=\"https:\/\/news.google.com\/publications\/CAAiEHRwZondIV71PDjWNoqMduEqFAgKIhB0cGaJ3SFe9Tw41jaKjHbh?hl=en-US&amp;gl=US&amp;ceid=US%3Aen\" data-wpel-link=\"external\" target=\"_blank\" rel=\"nofollow external noopener noreferrer\" class=\"ext-link\">&#13;<br \/>\n                    <img loading=\"lazy\" decoding=\"async\" class=\"aligncenter size-full wp-image-575475\" src=\"https:\/\/www.europesays.com\/pt\/wp-content\/uploads\/2025\/12\/1765389372_556_5123dd8b087b644fdb8f8603acd1bad4.png\" alt=\"Siga-nos no Google News\" width=\"176\" height=\"64\"\/>&#13;<br \/>\n                <\/a><\/p>\n","protected":false},"excerpt":{"rendered":"Succesion Picasso, Paris Olivier Widmaier Picasso e P\u00e9ri Cochin posam com \u201cT\u00eate de femme\u201d (1941), de Pablo Picasso.&hellip;\n","protected":false},"author":2,"featured_media":210637,"comment_status":"","ping_status":"","sticky":false,"template":"","format":"standard","meta":{"footnotes":""},"categories":[144],"tags":[314,207,205,206,203,201,202,269,204,114,115,208,6898,11947,32,33,6543],"class_list":{"0":"post-210636","1":"post","2":"type-post","3":"status-publish","4":"format-standard","5":"has-post-thumbnail","7":"category-arte-e-design","8":"tag-alzheimer","9":"tag-arte","10":"tag-arte-e-design","11":"tag-artedesign","12":"tag-arts","13":"tag-arts-and-design","14":"tag-artsanddesign","15":"tag-capa","16":"tag-design","17":"tag-entertainment","18":"tag-entretenimento","19":"tag-franca","20":"tag-leiloes","21":"tag-picasso","22":"tag-portugal","23":"tag-pt","24":"tag-solidariedade"},"share_on_mastodon":{"url":"https:\/\/pubeurope.com\/@pt\/115820546156969371","error":""},"_links":{"self":[{"href":"https:\/\/www.europesays.com\/pt\/wp-json\/wp\/v2\/posts\/210636","targetHints":{"allow":["GET"]}}],"collection":[{"href":"https:\/\/www.europesays.com\/pt\/wp-json\/wp\/v2\/posts"}],"about":[{"href":"https:\/\/www.europesays.com\/pt\/wp-json\/wp\/v2\/types\/post"}],"author":[{"embeddable":true,"href":"https:\/\/www.europesays.com\/pt\/wp-json\/wp\/v2\/users\/2"}],"replies":[{"embeddable":true,"href":"https:\/\/www.europesays.com\/pt\/wp-json\/wp\/v2\/comments?post=210636"}],"version-history":[{"count":0,"href":"https:\/\/www.europesays.com\/pt\/wp-json\/wp\/v2\/posts\/210636\/revisions"}],"wp:featuredmedia":[{"embeddable":true,"href":"https:\/\/www.europesays.com\/pt\/wp-json\/wp\/v2\/media\/210637"}],"wp:attachment":[{"href":"https:\/\/www.europesays.com\/pt\/wp-json\/wp\/v2\/media?parent=210636"}],"wp:term":[{"taxonomy":"category","embeddable":true,"href":"https:\/\/www.europesays.com\/pt\/wp-json\/wp\/v2\/categories?post=210636"},{"taxonomy":"post_tag","embeddable":true,"href":"https:\/\/www.europesays.com\/pt\/wp-json\/wp\/v2\/tags?post=210636"}],"curies":[{"name":"wp","href":"https:\/\/api.w.org\/{rel}","templated":true}]}}