{"id":210701,"date":"2026-01-01T16:19:07","date_gmt":"2026-01-01T16:19:07","guid":{"rendered":"https:\/\/www.europesays.com\/pt\/210701\/"},"modified":"2026-01-01T16:19:07","modified_gmt":"2026-01-01T16:19:07","slug":"marcelo-rebelo-de-sousa-termina-mandato-com-nota-positiva-so-os-eleitores-do-chega-estao-descontentes","status":"publish","type":"post","link":"https:\/\/www.europesays.com\/pt\/210701\/","title":{"rendered":"Marcelo Rebelo de Sousa termina mandato com nota positiva. S\u00f3 os eleitores do Chega est\u00e3o descontentes"},"content":{"rendered":"<p data-remotead-prev-elm=\"true\" data-remotead-elm-id=\"inread\">Marcelo Rebelo de Sousa chega ao final do mandato com avalia\u00e7\u00e3o positiva, sobretudo entre as mulheres, os mais velhos e os eleitores da AD. No geral, 56% dos portugueses d\u00e3o-lhe boa nota, face a 40% que t\u00eam uma vis\u00e3o negativa, o que lhe garante um saldo positivo de 16 pontos, de acordo com a sondagem de dezembro da Pitag\u00f3rica para o JN, TSF, TVI e CNN. Descontentamento significativo com o presidente da Rep\u00fablica, s\u00f3 mesmo entre os eleitores do Chega. Na compara\u00e7\u00e3o com o primeiro-ministro, tamb\u00e9m leva vantagem&#8221;: 34% confiam mais em Marcelo, face aos 22% que preferem Lu\u00eds Montenegro.<\/p>\n<p>O presidente n\u00e3o alcan\u00e7a o n\u00edvel de popularidade que chegou a ter no seu primeiro mandato. A pol\u00edtica portuguesa tornou-se bastante mais polarizada nos \u00faltimos anos e, por outro lado, Marcelo foi protagonista, por for\u00e7a do cargo e das suas decis\u00f5es, de momentos de instabilidade que levaram \u00e0 queda de tr\u00eas governos (dois de Ant\u00f3nio Costa e um de Lu\u00eds Montenegro) e as elei\u00e7\u00f5es antecipadas. No entanto, e quando estamos a pouco mais de dois meses do final do seu segundo mandato, a avalia\u00e7\u00e3o geral dos portugueses \u00e9 favor\u00e1vel: 16 pontos de saldo positivo (diferen\u00e7a entre notas positivas e negativas).<\/p>\n<p>Maior apre\u00e7o entre as mulheres e os mais velhos<\/p>\n<p>Quando se analisam os diferentes segmentos da amostra (g\u00e9nero, idade, classe social, geografia e voto partid\u00e1rio), percebe-se melhor onde assentam os alicerces da popularidade de Marcelo: a sua atua\u00e7\u00e3o a partir do Pal\u00e1cio de Bel\u00e9m \u00e9 valorizada sobretudo pelas mulheres (com um saldo positivo de 24 pontos), pelos que t\u00eam 65 ou mais anos (saldo de 29 pontos) e pelos que votaram na AD nas \u00faltimas legislativas (saldo de 35 pontos). Entre os socialistas, o resultado \u00e9 igualmente favor\u00e1vel (saldo de 17 pontos).<\/p>\n<p>H\u00e1, apenas duas exce\u00e7\u00f5es \u00e0 valoriza\u00e7\u00e3o positiva do atual presidente, quando se tem em conta o conjunto de 19 segmentos em destaque no relat\u00f3rio, e provavelmente com a mesma origem: mais n\u00edtida a cr\u00edtica entre os eleitores do Chega (saldo negativo de 24 pontos, uma vez que apenas um ter\u00e7o d\u00e1 nota positiva), e menos pronunciada no escal\u00e3o et\u00e1rio dos 35\/44 anos (saldo negativo de seis pontos), a faixa em que o Chega conseguiu o melhor resultado na <a href=\"https:\/\/www.jn.pt\/nacional\/artigo\/sondagem-ad-de-montenegro-afunda-297-chega-de-ventura-recupera-226-e-volta-a-estar-a-par-do-ps-de-carneiro-231\/18034912\" target=\"_blank\" rel=\"nofollow noopener\">inten\u00e7\u00e3o de voto para as legislativas<\/a> (a amostra para ambos os estudos \u00e9 a mesma).<\/p>\n<p>Marcelo ganha a Montenegro no &#8220;jogo&#8221; da confian\u00e7a<\/p>\n<p data-remotead-prev-elm=\"true\" data-remotead-elm-id=\"centro2\">Um outro indicador de um mandato que termina em alta \u00e9 o resultado da pergunta sobre a confian\u00e7a no presidente da Rep\u00fablica, quando confrontado com o primeiro-ministro: 34% apontam para Marcelo e 22% para Montenegro. O presidente destaca-se, em particular entre as mulheres (mais oito pontos do que entre os homens), nos mais jovens (40%), nos residentes da Regi\u00e3o de Lisboa (44%) e nos eleitores socialistas (52%).<\/p>\n<p>O chefe do Governo tem resultados um pouco acima da m\u00e9dia entre os que t\u00eam melhores rendimentos (30%) e na faixa et\u00e1ria dos 35\/44 anos (28%), mas na verdade Bel\u00e9m e S. Bento ficam empatados nesse dois segmentos. Montenegro s\u00f3 consegue supremacia no &#8220;jogo&#8221; da confian\u00e7a quando est\u00e3o em causa os eleitores da AD (41%) e os do Chega (26%, mas apenas dois pontos de vantagem sobre Marcelo).<\/p>\n<p>Ficha T\u00e9cnica<\/p>\n<p>Sondagem realizada pela Pitag\u00f3rica para a TVI e CNN Portugal com o objetivo de avaliar a opini\u00e3o dos portugueses sobre temas relacionados com a atualidade nacional e internacional e com as elei\u00e7\u00f5es presidenciais de 2026. O trabalho de campo decorreu entre os dias 11 e 19 de dezembro de 2025. A amostra foi recolhida de forma aleat\u00f3ria junto de eleitores recenseados em Portugal e foi devidamente estratificada por g\u00e9nero, idade e regi\u00e3o. Foram realizadas 2012 tentativas de contacto, para alcan\u00e7armos 1000 entrevistas efetivas, pelo que a taxa de resposta foi de 49,7%. As 1000 entrevistas telef\u00f3nicas recolhidas correspondem a uma margem de erro m\u00e1xima de +\/- 3,16% para um n\u00edvel de confian\u00e7a de 95,5%. A distribui\u00e7\u00e3o de indecisos \u00e9 feita de forma proporcional. A dire\u00e7\u00e3o t\u00e9cnica do estudo \u00e9 da responsabilidade de Rita Marques da Silva. A ficha t\u00e9cnica completa, bem como todos os resultados, foram depositados junto da ERC &#8211; Entidade Reguladora da Comunica\u00e7\u00e3o Social que os disponibilizar\u00e1 para consulta online.<\/p>\n","protected":false},"excerpt":{"rendered":"Marcelo Rebelo de Sousa chega ao final do mandato com avalia\u00e7\u00e3o positiva, sobretudo entre as mulheres, os mais&hellip;\n","protected":false},"author":2,"featured_media":210702,"comment_status":"","ping_status":"","sticky":false,"template":"","format":"standard","meta":{"footnotes":""},"categories":[10],"tags":[27,28,1736,15,16,14,25,26,21,22,588,619,12,13,19,20,32,23,24,33,4862,17,18,29,30,31],"class_list":{"0":"post-210701","1":"post","2":"type-post","3":"status-publish","4":"format-standard","5":"has-post-thumbnail","7":"category-portugal","8":"tag-breaking-news","9":"tag-breakingnews","10":"tag-chega","11":"tag-featured-news","12":"tag-featurednews","13":"tag-headlines","14":"tag-latest-news","15":"tag-latestnews","16":"tag-main-news","17":"tag-mainnews","18":"tag-marcelo-rebelo-de-sousa","19":"tag-nacional","20":"tag-news","21":"tag-noticias","22":"tag-noticias-principais","23":"tag-noticiasprincipais","24":"tag-portugal","25":"tag-principais-noticias","26":"tag-principaisnoticias","27":"tag-pt","28":"tag-sondagem","29":"tag-top-stories","30":"tag-topstories","31":"tag-ultimas","32":"tag-ultimas-noticias","33":"tag-ultimasnoticias"},"share_on_mastodon":{"url":"https:\/\/pubeurope.com\/@pt\/115820754586383209","error":""},"_links":{"self":[{"href":"https:\/\/www.europesays.com\/pt\/wp-json\/wp\/v2\/posts\/210701","targetHints":{"allow":["GET"]}}],"collection":[{"href":"https:\/\/www.europesays.com\/pt\/wp-json\/wp\/v2\/posts"}],"about":[{"href":"https:\/\/www.europesays.com\/pt\/wp-json\/wp\/v2\/types\/post"}],"author":[{"embeddable":true,"href":"https:\/\/www.europesays.com\/pt\/wp-json\/wp\/v2\/users\/2"}],"replies":[{"embeddable":true,"href":"https:\/\/www.europesays.com\/pt\/wp-json\/wp\/v2\/comments?post=210701"}],"version-history":[{"count":0,"href":"https:\/\/www.europesays.com\/pt\/wp-json\/wp\/v2\/posts\/210701\/revisions"}],"wp:featuredmedia":[{"embeddable":true,"href":"https:\/\/www.europesays.com\/pt\/wp-json\/wp\/v2\/media\/210702"}],"wp:attachment":[{"href":"https:\/\/www.europesays.com\/pt\/wp-json\/wp\/v2\/media?parent=210701"}],"wp:term":[{"taxonomy":"category","embeddable":true,"href":"https:\/\/www.europesays.com\/pt\/wp-json\/wp\/v2\/categories?post=210701"},{"taxonomy":"post_tag","embeddable":true,"href":"https:\/\/www.europesays.com\/pt\/wp-json\/wp\/v2\/tags?post=210701"}],"curies":[{"name":"wp","href":"https:\/\/api.w.org\/{rel}","templated":true}]}}