{"id":210719,"date":"2026-01-01T16:32:08","date_gmt":"2026-01-01T16:32:08","guid":{"rendered":"https:\/\/www.europesays.com\/pt\/210719\/"},"modified":"2026-01-01T16:32:08","modified_gmt":"2026-01-01T16:32:08","slug":"supremo-federal-brasileiro-rejeita-recurso-de-bolsonaro-para-cumprir-pena-em-casa","status":"publish","type":"post","link":"https:\/\/www.europesays.com\/pt\/210719\/","title":{"rendered":"Supremo Federal brasileiro rejeita recurso de Bolsonaro para cumprir pena em casa"},"content":{"rendered":"<p>&#13;<br \/>\nOs advogados de Bolsonaro tinham apresentado na quarta-feira o pedido do ex-presidente, com 70 anos, hospitalizado desde 24 de dezembro em Bras\u00edlia, e que foi submetido, no dia de Natal, a uma cirurgia a uma h\u00e9rnia inguinal e a outra cirurgia para tratar as suas crises recorrentes de solu\u00e7os.&#13;\n<\/p>\n<p>&#13;<br \/>\n&#8220;Ao contr\u00e1rio do que afirma a defesa, o estado de sa\u00fade de Jair Messias Bolsonaro n\u00e3o se agravou&#8221;, considerou o juiz Alexandre de Moraes na sua decis\u00e3o.<\/p>\n<p>O ex-presidente de direita (2019-2022) cumpre uma pena de 27 anos de pris\u00e3o por ter orquestrado uma opera\u00e7\u00e3o destinada a mant\u00ea-lo no poder, ap\u00f3s a sua derrota frente a Luiz In\u00e1cio Lula da Silva, nas elei\u00e7\u00f5es presidenciais de 2022.<\/p>\n<p>Bolsonaro deve sair hoje do hospital, segundo os seus m\u00e9dicos.<\/p>\n<p>Em seguida, ter\u00e1 de regressar ao pequeno quarto onde cumpre a sua pena, num edif\u00edcio da pol\u00edcia federal, em Bras\u00edlia.<\/p>\n<p>Preso desde novembro, Bolsonaro sofre h\u00e1 anos com as sequelas de uma facada no abd\u00f3men, que recebeu durante um com\u00edcio eleitoral em 2018 e que exigiu v\u00e1rias interven\u00e7\u00f5es cir\u00fargicas.<\/p>\n<p>Esta hospitaliza\u00e7\u00e3o de nove dias foi a sua primeira sa\u00edda desde a sua pris\u00e3o.<\/p>\n<p>A defesa argumenta que o estado de sa\u00fade do ex-presidente piorou desde que o tribunal rejeitou um pedido semelhante de pris\u00e3o domicili\u00e1ria &#8220;humanit\u00e1ria&#8221; h\u00e1 algumas semanas.<\/p>\n<p>Os m\u00e9dicos afirmam que, al\u00e9m das crises incomuns de solu\u00e7os, ele sofre de grave apneia do sono, gastrite, esofagite e outras doen\u00e7as.<\/p>\n<p>No entanto, o juiz Moraes considerou que houve &#8220;uma melhoria do estado cl\u00ednico dos mal-estares que sentia (&#8230;), conforme indicado no relat\u00f3rio dos seus pr\u00f3prios m\u00e9dicos&#8221; divulgados esta semana.<br \/>&#13;<\/p>\n","protected":false},"excerpt":{"rendered":"&#13; Os advogados de Bolsonaro tinham apresentado na quarta-feira o pedido do ex-presidente, com 70 anos, hospitalizado desde&hellip;\n","protected":false},"author":2,"featured_media":210720,"comment_status":"","ping_status":"","sticky":false,"template":"","format":"standard","meta":{"footnotes":""},"categories":[50],"tags":[27,28,15,16,14,25,26,21,22,62,12,13,19,20,23,24,420,421,17,18,29,30,31,63,64,65],"class_list":{"0":"post-210719","1":"post","2":"type-post","3":"status-publish","4":"format-standard","5":"has-post-thumbnail","7":"category-mundo","8":"tag-breaking-news","9":"tag-breakingnews","10":"tag-featured-news","11":"tag-featurednews","12":"tag-headlines","13":"tag-latest-news","14":"tag-latestnews","15":"tag-main-news","16":"tag-mainnews","17":"tag-mundo","18":"tag-news","19":"tag-noticias","20":"tag-noticias-principais","21":"tag-noticiasprincipais","22":"tag-principais-noticias","23":"tag-principaisnoticias","24":"tag-rtp","25":"tag-rtp-noticias","26":"tag-top-stories","27":"tag-topstories","28":"tag-ultimas","29":"tag-ultimas-noticias","30":"tag-ultimasnoticias","31":"tag-world","32":"tag-world-news","33":"tag-worldnews"},"share_on_mastodon":{"url":"https:\/\/pubeurope.com\/@pt\/115820805800447492","error":""},"_links":{"self":[{"href":"https:\/\/www.europesays.com\/pt\/wp-json\/wp\/v2\/posts\/210719","targetHints":{"allow":["GET"]}}],"collection":[{"href":"https:\/\/www.europesays.com\/pt\/wp-json\/wp\/v2\/posts"}],"about":[{"href":"https:\/\/www.europesays.com\/pt\/wp-json\/wp\/v2\/types\/post"}],"author":[{"embeddable":true,"href":"https:\/\/www.europesays.com\/pt\/wp-json\/wp\/v2\/users\/2"}],"replies":[{"embeddable":true,"href":"https:\/\/www.europesays.com\/pt\/wp-json\/wp\/v2\/comments?post=210719"}],"version-history":[{"count":0,"href":"https:\/\/www.europesays.com\/pt\/wp-json\/wp\/v2\/posts\/210719\/revisions"}],"wp:featuredmedia":[{"embeddable":true,"href":"https:\/\/www.europesays.com\/pt\/wp-json\/wp\/v2\/media\/210720"}],"wp:attachment":[{"href":"https:\/\/www.europesays.com\/pt\/wp-json\/wp\/v2\/media?parent=210719"}],"wp:term":[{"taxonomy":"category","embeddable":true,"href":"https:\/\/www.europesays.com\/pt\/wp-json\/wp\/v2\/categories?post=210719"},{"taxonomy":"post_tag","embeddable":true,"href":"https:\/\/www.europesays.com\/pt\/wp-json\/wp\/v2\/tags?post=210719"}],"curies":[{"name":"wp","href":"https:\/\/api.w.org\/{rel}","templated":true}]}}