{"id":210721,"date":"2026-01-01T16:33:07","date_gmt":"2026-01-01T16:33:07","guid":{"rendered":"https:\/\/www.europesays.com\/pt\/210721\/"},"modified":"2026-01-01T16:33:07","modified_gmt":"2026-01-01T16:33:07","slug":"morreu-mesmo-a-minha-frente-vizinha-relata-que-homem-esfaqueado-na-figueira-da-foz-lhe-bateu-a-porta-a-pedir-auxilio-cmjornal-pt","status":"publish","type":"post","link":"https:\/\/www.europesays.com\/pt\/210721\/","title":{"rendered":"&quot;Morreu mesmo \u00e0 minha frente&quot;: Vizinha relata que homem esfaqueado na Figueira da Foz lhe bateu \u00e0 porta a pedir aux\u00edlio &#8211; cmjornal.pt"},"content":{"rendered":"<ol>\n<li><a href=\"https:\/\/news.google.com\/rss\/articles\/CBMi8gFBVV95cUxObjhYVWJPaENmeV9NTnh0M0lZQWNNejNMX1ZYUmlXOTloSVBfRDV0Y2FIdEMwcW40OVpLZ2hJcTlLVWkwZ0o3anZGUTUxWncyTWtXRUp1OEFWX0tSOWtra1lhVWlVdWRZMGVMMkFDWmZUakpTMWdRUklLOEg2aDNKbmJod2xYczhMVkpMSUh3N1RNcW9YdmN6QjJsZnBVVkxqRHF2TG9PWm9aN2hIQTlyU1Vaa3hqUHBVbzNXVXltSFNjNXZIUWhLOTFidWZwVU1rMDhEMkF4OWdDX0FBdDVaZlFZdnU4Z1N4YXRkVVY1U1g2dw?oc=5\" target=\"_blank\" rel=\"nofollow noopener\">&#8220;Morreu mesmo \u00e0 minha frente&#8221;: Vizinha relata que homem esfaqueado na Figueira da Foz lhe bateu \u00e0 porta a pedir aux\u00edlio<\/a>&nbsp;&nbsp;cmjornal.pt<\/li>\n<li><a href=\"https:\/\/news.google.com\/rss\/articles\/CBMingFBVV95cUxQbnRjZ2hOMk9YWi1PSDNmSW15M2cxaUItMjJtdFg1Znh0eFh4OEhNU2JGQUFRU2Z3NFNOMnNZd0Vta0pfa3dLaWtKTnN1R3ZMRzNWeDFCbHdKZm9rZzNsYV81NUkteUxqQTRqUFFDRHVpTi1YNEdqVTZSSm55Q1dZUk4zRloxOHBZYkpfZldDaXJzSWFJZmgyWmd0NEF5dw?oc=5\" target=\"_blank\" rel=\"nofollow noopener\">Homem morre ap\u00f3s ser esfaqueado por familiar na Figueira da Foz<\/a>&nbsp;&nbsp;Observador<\/li>\n<li><a href=\"https:\/\/news.google.com\/rss\/articles\/CBMixwFBVV95cUxNaUhyOFdUU0xBbG1WaXBfSlJYakJOdUFscjVqVmRrSkwxVlNnSHpmNC1ZZVJWaGpjQTRUU015YXZJcFNBMTFCdnVwZmNTZGtZTlF0NzU1emFkMmtiRzZYSGFYQXBsNWY1REtldEluUENGYlFKcXh5UkNRZVdBcnpIellfNTBoVlNOY3FXWTVRQzlVOFl3ZmI0dU5ScDZHV3VmMk9jZ2JQX1dta05NMFp1VzhBYmM4NmhxaEZvRHJOdFRia1lqTDdV?oc=5\" target=\"_blank\" rel=\"nofollow noopener\">Multid\u00e3o agride companheiras da v\u00edtima e do agressor do homic\u00eddio na Figueira da Foz<\/a>&nbsp;&nbsp;cmjornal.pt<\/li>\n<li><a href=\"https:\/\/news.google.com\/rss\/articles\/CBMijgFBVV95cUxOTDFkZDBrYVQ2WXZsTTRQMF9HNm5MS0hGX2RQbXJldWIta2xncHdFWFgyckRMa1p5bFc3b2JlOWFXVzQ4bHpYS3hhZ2pEQ1I2LVpRQVJXTEpnZC0ySVFnRm1fdFVUS280VXZ4dWhsSDBVWHlWTmJKVW5TdVVScVZtQlNJVFpLbmhGM1ZvcHhR?oc=5\" target=\"_blank\" rel=\"nofollow noopener\">Matou o cunhado \u00e0 facada na Praia da Leirosa<\/a>&nbsp;&nbsp;Di\u00e1rio de Coimbra<\/li>\n<li><a href=\"https:\/\/news.google.com\/rss\/articles\/CBMiigFBVV95cUxOUFE5Ny1HMVVoQlF3WEVyV3l1bnFpNFpPdDRKc1liZEh4SVpqZ3ZNVU5tZWktYXYwWk1ZaGdZVVFmQU5SWFRiS0t4WUI5a3hpN3BOOHVUYTBjT0NrcjVLc0N5SkFnN2R2WktHZkJWcWVqR19uc2RKLW5RR1RfeGNtbGVCWFRMbWNUSVE?oc=5\" target=\"_blank\" rel=\"nofollow noopener\">Discuss\u00e3o familiar na passagem de ano acaba com um morto<\/a>&nbsp;&nbsp;O Minho<\/li>\n<\/ol>\n","protected":false},"excerpt":{"rendered":"&#8220;Morreu mesmo \u00e0 minha frente&#8221;: Vizinha relata que homem esfaqueado na Figueira da Foz lhe bateu \u00e0 porta&hellip;\n","protected":false},"author":2,"featured_media":210722,"comment_status":"","ping_status":"","sticky":false,"template":"","format":"standard","meta":{"footnotes":""},"categories":[10],"tags":[27,28,604,15,16,11535,14,25,26,21,22,12,13,19,20,32,23,24,33,17,18,29,30,31],"class_list":{"0":"post-210721","1":"post","2":"type-post","3":"status-publish","4":"format-standard","5":"has-post-thumbnail","7":"category-portugal","8":"tag-breaking-news","9":"tag-breakingnews","10":"tag-crime","11":"tag-featured-news","12":"tag-featurednews","13":"tag-figueira-da-foz","14":"tag-headlines","15":"tag-latest-news","16":"tag-latestnews","17":"tag-main-news","18":"tag-mainnews","19":"tag-news","20":"tag-noticias","21":"tag-noticias-principais","22":"tag-noticiasprincipais","23":"tag-portugal","24":"tag-principais-noticias","25":"tag-principaisnoticias","26":"tag-pt","27":"tag-top-stories","28":"tag-topstories","29":"tag-ultimas","30":"tag-ultimas-noticias","31":"tag-ultimasnoticias"},"share_on_mastodon":{"url":"https:\/\/pubeurope.com\/@pt\/115820809673030624","error":""},"_links":{"self":[{"href":"https:\/\/www.europesays.com\/pt\/wp-json\/wp\/v2\/posts\/210721","targetHints":{"allow":["GET"]}}],"collection":[{"href":"https:\/\/www.europesays.com\/pt\/wp-json\/wp\/v2\/posts"}],"about":[{"href":"https:\/\/www.europesays.com\/pt\/wp-json\/wp\/v2\/types\/post"}],"author":[{"embeddable":true,"href":"https:\/\/www.europesays.com\/pt\/wp-json\/wp\/v2\/users\/2"}],"replies":[{"embeddable":true,"href":"https:\/\/www.europesays.com\/pt\/wp-json\/wp\/v2\/comments?post=210721"}],"version-history":[{"count":0,"href":"https:\/\/www.europesays.com\/pt\/wp-json\/wp\/v2\/posts\/210721\/revisions"}],"wp:featuredmedia":[{"embeddable":true,"href":"https:\/\/www.europesays.com\/pt\/wp-json\/wp\/v2\/media\/210722"}],"wp:attachment":[{"href":"https:\/\/www.europesays.com\/pt\/wp-json\/wp\/v2\/media?parent=210721"}],"wp:term":[{"taxonomy":"category","embeddable":true,"href":"https:\/\/www.europesays.com\/pt\/wp-json\/wp\/v2\/categories?post=210721"},{"taxonomy":"post_tag","embeddable":true,"href":"https:\/\/www.europesays.com\/pt\/wp-json\/wp\/v2\/tags?post=210721"}],"curies":[{"name":"wp","href":"https:\/\/api.w.org\/{rel}","templated":true}]}}