{"id":210742,"date":"2026-01-01T16:47:13","date_gmt":"2026-01-01T16:47:13","guid":{"rendered":"https:\/\/www.europesays.com\/pt\/210742\/"},"modified":"2026-01-01T16:47:13","modified_gmt":"2026-01-01T16:47:13","slug":"agrediu-mulher-invisual-com-um-pau-por-nao-aceitar-a-separacao","status":"publish","type":"post","link":"https:\/\/www.europesays.com\/pt\/210742\/","title":{"rendered":"Agrediu mulher, invisual, com um pau por n\u00e3o aceitar a separa\u00e7\u00e3o"},"content":{"rendered":"<p data-remotead-prev-elm=\"true\" data-remotead-elm-id=\"inread\">Segundo a PJ, ao longo de 2025, o alegado agressor &#8220;coagiu f\u00edsica e psicologicamente a v\u00edtima, dentro da habita\u00e7\u00e3o comum, na tentativa de evitar a separa\u00e7\u00e3o&#8221;.<\/p>\n<p>Na noite de ter\u00e7a-feira, &#8220;ap\u00f3s uma acesa discuss\u00e3o, em que o detido amea\u00e7ou de morte a v\u00edtima em caso de separa\u00e7\u00e3o, partiu para a agress\u00e3o, desferindo v\u00e1rios golpes com um pau na cabe\u00e7a da mulher, invisual, deixando-a inanimada, sendo, depois, socorrida por um irm\u00e3o&#8221;, descreve a PJ.<\/p>\n<p>A mulher foi transportada para a Unidade de Cuidados de Sa\u00fade Prim\u00e1rios de Seia e, face \u00e0 gravidade dos ferimentos, transferida para as urg\u00eancias do Hospital Sousa Martins na Guarda, onde se encontra internada e &#8220;livre de perigo&#8221;.<\/p>\n<p>O detido, de 53 anos, j\u00e1 foi presente a primeiro interrogat\u00f3rio judicial tendo-lhe sido aplicada a medida de coa\u00e7\u00e3o de pris\u00e3o preventiva.<\/p>\n","protected":false},"excerpt":{"rendered":"Segundo a PJ, ao longo de 2025, o alegado agressor &#8220;coagiu f\u00edsica e psicologicamente a v\u00edtima, dentro da&hellip;\n","protected":false},"author":2,"featured_media":210743,"comment_status":"","ping_status":"","sticky":false,"template":"","format":"standard","meta":{"footnotes":""},"categories":[10],"tags":[27,28,15,16,14,603,25,26,21,22,12,13,19,20,32,23,24,34839,33,17,18,29,30,31,3218],"class_list":{"0":"post-210742","1":"post","2":"type-post","3":"status-publish","4":"format-standard","5":"has-post-thumbnail","7":"category-portugal","8":"tag-breaking-news","9":"tag-breakingnews","10":"tag-featured-news","11":"tag-featurednews","12":"tag-headlines","13":"tag-justica","14":"tag-latest-news","15":"tag-latestnews","16":"tag-main-news","17":"tag-mainnews","18":"tag-news","19":"tag-noticias","20":"tag-noticias-principais","21":"tag-noticiasprincipais","22":"tag-portugal","23":"tag-principais-noticias","24":"tag-principaisnoticias","25":"tag-prisao-preventiva","26":"tag-pt","27":"tag-top-stories","28":"tag-topstories","29":"tag-ultimas","30":"tag-ultimas-noticias","31":"tag-ultimasnoticias","32":"tag-violencia-domestica"},"share_on_mastodon":{"url":"https:\/\/pubeurope.com\/@pt\/115820864787517124","error":""},"_links":{"self":[{"href":"https:\/\/www.europesays.com\/pt\/wp-json\/wp\/v2\/posts\/210742","targetHints":{"allow":["GET"]}}],"collection":[{"href":"https:\/\/www.europesays.com\/pt\/wp-json\/wp\/v2\/posts"}],"about":[{"href":"https:\/\/www.europesays.com\/pt\/wp-json\/wp\/v2\/types\/post"}],"author":[{"embeddable":true,"href":"https:\/\/www.europesays.com\/pt\/wp-json\/wp\/v2\/users\/2"}],"replies":[{"embeddable":true,"href":"https:\/\/www.europesays.com\/pt\/wp-json\/wp\/v2\/comments?post=210742"}],"version-history":[{"count":0,"href":"https:\/\/www.europesays.com\/pt\/wp-json\/wp\/v2\/posts\/210742\/revisions"}],"wp:featuredmedia":[{"embeddable":true,"href":"https:\/\/www.europesays.com\/pt\/wp-json\/wp\/v2\/media\/210743"}],"wp:attachment":[{"href":"https:\/\/www.europesays.com\/pt\/wp-json\/wp\/v2\/media?parent=210742"}],"wp:term":[{"taxonomy":"category","embeddable":true,"href":"https:\/\/www.europesays.com\/pt\/wp-json\/wp\/v2\/categories?post=210742"},{"taxonomy":"post_tag","embeddable":true,"href":"https:\/\/www.europesays.com\/pt\/wp-json\/wp\/v2\/tags?post=210742"}],"curies":[{"name":"wp","href":"https:\/\/api.w.org\/{rel}","templated":true}]}}