{"id":210793,"date":"2026-01-01T17:23:07","date_gmt":"2026-01-01T17:23:07","guid":{"rendered":"https:\/\/www.europesays.com\/pt\/210793\/"},"modified":"2026-01-01T17:23:07","modified_gmt":"2026-01-01T17:23:07","slug":"ruben-neves-e-bernardo-silva-podem-assinar-a-custo-zero","status":"publish","type":"post","link":"https:\/\/www.europesays.com\/pt\/210793\/","title":{"rendered":"Ruben Neves e Bernardo Silva podem assinar a custo zero"},"content":{"rendered":"<p data-remotead-prev-elm=\"true\" data-remotead-elm-id=\"inread\">O risco de perder jogadores a custo zero \u00e9 transversal ao resto da Europa e nem os maiores colossos est\u00e3o salvaguardados da amea\u00e7a de deixar escapar figuras importantes nesses termos. O Bayern Munique \u00e9 o gigante com mais jogadores em final de contrato, destacando-se Manuel Neuer, Upamecano, Raphael Guerreiro, Goretzka ou Gnabry, mas tamb\u00e9m o Liverpool, o Manchester City e o Real Madrid podem ver sair nomes importantes nas respetivas hist\u00f3rias mais recentes.<\/p>\n","protected":false},"excerpt":{"rendered":"O risco de perder jogadores a custo zero \u00e9 transversal ao resto da Europa e nem os maiores&hellip;\n","protected":false},"author":2,"featured_media":210794,"comment_status":"","ping_status":"","sticky":false,"template":"","format":"standard","meta":{"footnotes":""},"categories":[87],"tags":[5405,135,1382,32,33,134],"class_list":{"0":"post-210793","1":"post","2":"type-post","3":"status-publish","4":"format-standard","5":"has-post-thumbnail","7":"category-desporto","8":"tag-bernardo-silva","9":"tag-desporto","10":"tag-manchester-city","11":"tag-portugal","12":"tag-pt","13":"tag-sports"},"share_on_mastodon":{"url":"https:\/\/pubeurope.com\/@pt\/115821006305361628","error":""},"_links":{"self":[{"href":"https:\/\/www.europesays.com\/pt\/wp-json\/wp\/v2\/posts\/210793","targetHints":{"allow":["GET"]}}],"collection":[{"href":"https:\/\/www.europesays.com\/pt\/wp-json\/wp\/v2\/posts"}],"about":[{"href":"https:\/\/www.europesays.com\/pt\/wp-json\/wp\/v2\/types\/post"}],"author":[{"embeddable":true,"href":"https:\/\/www.europesays.com\/pt\/wp-json\/wp\/v2\/users\/2"}],"replies":[{"embeddable":true,"href":"https:\/\/www.europesays.com\/pt\/wp-json\/wp\/v2\/comments?post=210793"}],"version-history":[{"count":0,"href":"https:\/\/www.europesays.com\/pt\/wp-json\/wp\/v2\/posts\/210793\/revisions"}],"wp:featuredmedia":[{"embeddable":true,"href":"https:\/\/www.europesays.com\/pt\/wp-json\/wp\/v2\/media\/210794"}],"wp:attachment":[{"href":"https:\/\/www.europesays.com\/pt\/wp-json\/wp\/v2\/media?parent=210793"}],"wp:term":[{"taxonomy":"category","embeddable":true,"href":"https:\/\/www.europesays.com\/pt\/wp-json\/wp\/v2\/categories?post=210793"},{"taxonomy":"post_tag","embeddable":true,"href":"https:\/\/www.europesays.com\/pt\/wp-json\/wp\/v2\/tags?post=210793"}],"curies":[{"name":"wp","href":"https:\/\/api.w.org\/{rel}","templated":true}]}}