{"id":210808,"date":"2026-01-01T17:34:12","date_gmt":"2026-01-01T17:34:12","guid":{"rendered":"https:\/\/www.europesays.com\/pt\/210808\/"},"modified":"2026-01-01T17:34:12","modified_gmt":"2026-01-01T17:34:12","slug":"vem-ai-em-terra-forte-armando-vai-a-casa-de-marcus-e-faz-lhe-uma-proposta-bombastica-novelas","status":"publish","type":"post","link":"https:\/\/www.europesays.com\/pt\/210808\/","title":{"rendered":"Vem a\u00ed em \u00abTerra Forte\u00bb: Armando vai a casa de Marcus e faz-lhe uma proposta bomb\u00e1stica &#8211; Novelas"},"content":{"rendered":"<p>Em \u00abTerra Forte\u00bb, Kadu (Vicente Ramirez) chega a casa com <a href=\"https:\/\/tvi.iol.pt\/novelas\/ator\/marcus\/68ee60fcd34ee0c2fed13e79\" rel=\"nofollow noopener\" target=\"_blank\"><strong data-end=\"259\" data-start=\"249\">Marcus (Vitor Hugo)<\/strong><\/a>\u00a0e come\u00e7a a desconfiar da suposta amizade dele com <a href=\"https:\/\/tvi.iol.pt\/novelas\/videos\/terra-forte-maria-de-fatima-ameaca-gloria\/68fa5c280cf29d28d8298113\" rel=\"nofollow noopener\" target=\"_blank\">Gl\u00f3ria (Maria Jo\u00e3o Pinho)<\/a>.\u00a0 Pouco depois, Marcus recebe a visita de <a href=\"https:\/\/tvi.iol.pt\/novelas\/videos\/terra-forte-empresa-de-marcus-provoca-problemas-de-saude-a-centenas-de-pessoas\/690a568c0cf229bd2f8d374a\" rel=\"nofollow noopener\" target=\"_blank\">Armando (Ricardo Carri\u00e7o)<\/a>.<\/p>\n<p>Armando garante a Marcus que n\u00e3o est\u00e1 ali para julg\u00e1-lo e prop\u00f5e que ele abandone o processo contra a Komibem em troca de deixar casa e dinheiro para os filhos.<\/p>\n<p>Marcus prepara-se para deixar a casa e mudar-se para o apartamento de Gl\u00f3ria, que o encoraja a aceitar o acordo de Armando para se livrar dos problemas. Kadu observa o pai e afasta-se de bicicleta sem querer falar com ele.<\/p>\n<p>Recorde-se como tudo come\u00e7ou:<\/p>\n","protected":false},"excerpt":{"rendered":"Em \u00abTerra Forte\u00bb, Kadu (Vicente Ramirez) chega a casa com Marcus (Vitor Hugo)\u00a0e come\u00e7a a desconfiar da suposta&hellip;\n","protected":false},"author":2,"featured_media":210809,"comment_status":"","ping_status":"","sticky":false,"template":"","format":"standard","meta":{"footnotes":""},"categories":[142],"tags":[160,32103,166,114,115,157,167,164,29765,161,158,165,159,32,33,156,18615,18614,163,151,162,6094],"class_list":{"0":"post-210808","1":"post","2":"type-post","3":"status-publish","4":"format-standard","5":"has-post-thumbnail","7":"category-tv","8":"tag-ana-guiomar","9":"tag-armando","10":"tag-cristina-ferreira","11":"tag-entertainment","12":"tag-entretenimento","13":"tag-festa-e-festa","14":"tag-ficcao","15":"tag-jose-fidalgo","16":"tag-marcus","17":"tag-novelas","18":"tag-para-sempre","19":"tag-pedro-sousa","20":"tag-pedro-teixeira","21":"tag-portugal","22":"tag-pt","23":"tag-queridos-papas","24":"tag-ricardo-carrico","25":"tag-terra-forte","26":"tag-tiago-teotonio-pereira","27":"tag-tv","28":"tag-tvi","29":"tag-vitor-hugo"},"share_on_mastodon":{"url":"https:\/\/pubeurope.com\/@pt\/115821049422524182","error":""},"_links":{"self":[{"href":"https:\/\/www.europesays.com\/pt\/wp-json\/wp\/v2\/posts\/210808","targetHints":{"allow":["GET"]}}],"collection":[{"href":"https:\/\/www.europesays.com\/pt\/wp-json\/wp\/v2\/posts"}],"about":[{"href":"https:\/\/www.europesays.com\/pt\/wp-json\/wp\/v2\/types\/post"}],"author":[{"embeddable":true,"href":"https:\/\/www.europesays.com\/pt\/wp-json\/wp\/v2\/users\/2"}],"replies":[{"embeddable":true,"href":"https:\/\/www.europesays.com\/pt\/wp-json\/wp\/v2\/comments?post=210808"}],"version-history":[{"count":0,"href":"https:\/\/www.europesays.com\/pt\/wp-json\/wp\/v2\/posts\/210808\/revisions"}],"wp:featuredmedia":[{"embeddable":true,"href":"https:\/\/www.europesays.com\/pt\/wp-json\/wp\/v2\/media\/210809"}],"wp:attachment":[{"href":"https:\/\/www.europesays.com\/pt\/wp-json\/wp\/v2\/media?parent=210808"}],"wp:term":[{"taxonomy":"category","embeddable":true,"href":"https:\/\/www.europesays.com\/pt\/wp-json\/wp\/v2\/categories?post=210808"},{"taxonomy":"post_tag","embeddable":true,"href":"https:\/\/www.europesays.com\/pt\/wp-json\/wp\/v2\/tags?post=210808"}],"curies":[{"name":"wp","href":"https:\/\/api.w.org\/{rel}","templated":true}]}}