{"id":210854,"date":"2026-01-01T18:10:22","date_gmt":"2026-01-01T18:10:22","guid":{"rendered":"https:\/\/www.europesays.com\/pt\/210854\/"},"modified":"2026-01-01T18:10:22","modified_gmt":"2026-01-01T18:10:22","slug":"assaltantes-roubam-30-milhoes-de-euros-em-dinheiro-ouro-e-joias-de-banco-na-alemanha","status":"publish","type":"post","link":"https:\/\/www.europesays.com\/pt\/210854\/","title":{"rendered":"Assaltantes roubam 30 milh\u00f5es de euros em dinheiro, ouro e joias de banco na Alemanha"},"content":{"rendered":"<p class=\"wp-caption-text top\">Gelsenkirchen Police<\/p>\n<p><img decoding=\"async\" loading=\"lazy\" class=\"size-kopa-image-size-3 wp-image-719848\" src=\"https:\/\/www.europesays.com\/pt\/wp-content\/uploads\/2026\/01\/ea77248a82ff88de4b91fab44002f3fd-783x450.jpg\" alt=\"\" width=\"700\" height=\"402\"  \/><\/p>\n<p class=\"wp-caption-text bot\">Os assaltantes ter\u00e3o passado grande parte do fim de semana no interior do banco, enquanto arrombavam os cofres de dep\u00f3sitos.<\/p>\n<p><strong>Os ladr\u00f5es utilizaram uma broca de grandes dimens\u00f5es para arrombar o banco Sparkasse, em Gelsenkirchen, revelou a pol\u00edcia alam\u00e3, que compara o assalto ao filme \u201cOcean\u2019s Eleven\u201d.<\/strong><\/p>\n<p>Um grupo de assaltantes usou um equipamento de perfura\u00e7\u00e3o de grande porte para entrar na sala do cofre de um banco alem\u00e3o e roubar <strong>dinheiro, ouro e joias<\/strong> num valor estimado em <strong>30 milh\u00f5es de euros<\/strong>, anunciou esta ter\u00e7a-feira a pol\u00edcia alem\u00e3.<\/p>\n<p>Segundo a ag\u00eancia AFP, o assalto, ocorrido na cidade de <strong>Gelsenkirchen<\/strong>, no oeste da Alemanha, permitiu aos ladr\u00f5es abrir mais de <strong>3.000 cofres de seguran\u00e7a<\/strong>.<\/p>\n<p>Numa altura em que, ao que tudo indica, os criminosos se encontravam em fuga, <strong>centenas de clientes preocupados<\/strong> concentraram-se esta ter\u00e7a-feira \u00e0 porta da ag\u00eancia banc\u00e1ria, exigindo informa\u00e7\u00f5es.<\/p>\n<p>Segundo a pol\u00edcia, os assaltantes <strong>perfuraram o acesso \u00e0 sala subterr\u00e2nea<\/strong> do cofre do banco Sparkasse<strong> a partir de uma garagem<\/strong> de estacionamento. Os assaltantes ter\u00e3o passado <strong>grande parte do fim de semana no interior do banco<\/strong>, enquanto arrombavam os cofres de dep\u00f3sitos.<\/p>\n<p>O assalto<strong> s\u00f3 foi descoberto depois de um alarme de inc\u00eandio<\/strong> ter sido acionado nas primeiras horas de segunda-feira, que levou os servi\u00e7os de emerg\u00eancia a encontrar o buraco.<\/p>\n<p>Testemunhas relataram ter visto<strong> v\u00e1rios homens a transportar grandes sacos<\/strong> nas escadas da garagem durante a noite de s\u00e1bado para domingo. As imagens de videovigil\u00e2ncia mostram ainda um Audi RS 6 preto a abandonar a garagem nas primeiras horas de segunda-feira, com <strong>pessoas mascaradas no interior<\/strong>.<\/p>\n<p>Segundo a pol\u00edcia, <strong>a matr\u00edcula do ve\u00edculo tinha sido roubada<\/strong> anteriormente na cidade de Han\u00f4ver.<\/p>\n<p>Um porta-voz da pol\u00edcia disse \u00e0 AFP que o assalto foi \u201cde facto, executado de <strong>forma altamente profissional<\/strong>\u201d, comparando-o ao filme \u201c<strong>Ocean\u2019s Eleven<\/strong>\u201c, protagonizado por George Clooney e Brad Pitt.<\/p>\n<p>\u201cFoi necess\u00e1rio um <strong>conhecimento pr\u00e9vio<\/strong> consider\u00e1vel, e\/ou uma grande dose de <strong>energia criminosa<\/strong> para planear e concretizar este assalto\u201d, afirmou.<\/p>\n<p>Os mais de 3.000 cofres tinham, em m\u00e9dia, um <strong>valor segurado de 10 mil euros<\/strong>, estimando assim o preju\u00edzo em cerca de 30 milh\u00f5es de euros. V\u00e1rias v\u00edtimas disseram \u00e0 pol\u00edcia que as suas <strong>perdas ultrapassam largamente o valor segurado<\/strong> dos respetivos cofres.<\/p>\n<p>    <a href=\"https:\/\/zap.aeiou.pt\/subscrever-newsletter\" data-wpel-link=\"internal\" rel=\"nofollow noopener\" target=\"_blank\">&#13;<br \/>\n        <img loading=\"lazy\" decoding=\"async\" class=\"aligncenter size-full wp-image-575475\" src=\"https:\/\/www.europesays.com\/pt\/wp-content\/uploads\/2025\/12\/1765389371_545_2d51fe4a0ba54894421ead1809309ed9-1-450x140.jpg\" alt=\"Subscreva a Newsletter ZAP\" width=\"450\" height=\"140\"\/>&#13;<br \/>\n    <\/a><\/p>\n<p>                <a href=\"https:\/\/whatsapp.com\/channel\/0029VaIC4EE2f3EJZPPSbR34\" data-wpel-link=\"external\" target=\"_blank\" rel=\"nofollow external noopener noreferrer\" class=\"ext-link\">&#13;<br \/>\n                    <img loading=\"lazy\" decoding=\"async\" class=\"aligncenter size-full wp-image-575475\" src=\"https:\/\/www.europesays.com\/pt\/wp-content\/uploads\/2025\/12\/1765389371_770_c68c559d956d4ca20f435ed74a6e71e6.png\" alt=\"Siga-nos no WhatsApp\" width=\"175\" height=\"64\"\/>&#13;<br \/>\n                <\/a><\/p>\n<p>                <a href=\"https:\/\/news.google.com\/publications\/CAAiEHRwZondIV71PDjWNoqMduEqFAgKIhB0cGaJ3SFe9Tw41jaKjHbh?hl=en-US&amp;gl=US&amp;ceid=US%3Aen\" data-wpel-link=\"external\" target=\"_blank\" rel=\"nofollow external noopener noreferrer\" class=\"ext-link\">&#13;<br \/>\n                    <img loading=\"lazy\" decoding=\"async\" class=\"aligncenter size-full wp-image-575475\" src=\"https:\/\/www.europesays.com\/pt\/wp-content\/uploads\/2025\/12\/1765389372_556_5123dd8b087b644fdb8f8603acd1bad4.png\" alt=\"Siga-nos no Google News\" width=\"176\" height=\"64\"\/>&#13;<br \/>\n                <\/a><\/p>\n","protected":false},"excerpt":{"rendered":"Gelsenkirchen Police Os assaltantes ter\u00e3o passado grande parte do fim de semana no interior do banco, enquanto arrombavam&hellip;\n","protected":false},"author":2,"featured_media":210855,"comment_status":"","ping_status":"","sticky":false,"template":"","format":"standard","meta":{"footnotes":""},"categories":[50],"tags":[1305,27,28,604,15,16,14,25,26,21,22,62,12,13,19,20,23,24,17,18,29,30,31,63,64,65],"class_list":{"0":"post-210854","1":"post","2":"type-post","3":"status-publish","4":"format-standard","5":"has-post-thumbnail","7":"category-mundo","8":"tag-alemanha","9":"tag-breaking-news","10":"tag-breakingnews","11":"tag-crime","12":"tag-featured-news","13":"tag-featurednews","14":"tag-headlines","15":"tag-latest-news","16":"tag-latestnews","17":"tag-main-news","18":"tag-mainnews","19":"tag-mundo","20":"tag-news","21":"tag-noticias","22":"tag-noticias-principais","23":"tag-noticiasprincipais","24":"tag-principais-noticias","25":"tag-principaisnoticias","26":"tag-top-stories","27":"tag-topstories","28":"tag-ultimas","29":"tag-ultimas-noticias","30":"tag-ultimasnoticias","31":"tag-world","32":"tag-world-news","33":"tag-worldnews"},"share_on_mastodon":{"url":"https:\/\/pubeurope.com\/@pt\/115821191188015167","error":""},"_links":{"self":[{"href":"https:\/\/www.europesays.com\/pt\/wp-json\/wp\/v2\/posts\/210854","targetHints":{"allow":["GET"]}}],"collection":[{"href":"https:\/\/www.europesays.com\/pt\/wp-json\/wp\/v2\/posts"}],"about":[{"href":"https:\/\/www.europesays.com\/pt\/wp-json\/wp\/v2\/types\/post"}],"author":[{"embeddable":true,"href":"https:\/\/www.europesays.com\/pt\/wp-json\/wp\/v2\/users\/2"}],"replies":[{"embeddable":true,"href":"https:\/\/www.europesays.com\/pt\/wp-json\/wp\/v2\/comments?post=210854"}],"version-history":[{"count":0,"href":"https:\/\/www.europesays.com\/pt\/wp-json\/wp\/v2\/posts\/210854\/revisions"}],"wp:featuredmedia":[{"embeddable":true,"href":"https:\/\/www.europesays.com\/pt\/wp-json\/wp\/v2\/media\/210855"}],"wp:attachment":[{"href":"https:\/\/www.europesays.com\/pt\/wp-json\/wp\/v2\/media?parent=210854"}],"wp:term":[{"taxonomy":"category","embeddable":true,"href":"https:\/\/www.europesays.com\/pt\/wp-json\/wp\/v2\/categories?post=210854"},{"taxonomy":"post_tag","embeddable":true,"href":"https:\/\/www.europesays.com\/pt\/wp-json\/wp\/v2\/tags?post=210854"}],"curies":[{"name":"wp","href":"https:\/\/api.w.org\/{rel}","templated":true}]}}