{"id":210884,"date":"2026-01-01T18:35:09","date_gmt":"2026-01-01T18:35:09","guid":{"rendered":"https:\/\/www.europesays.com\/pt\/210884\/"},"modified":"2026-01-01T18:35:09","modified_gmt":"2026-01-01T18:35:09","slug":"secret-story-liliana-conquista-o-terceiro-lugar","status":"publish","type":"post","link":"https:\/\/www.europesays.com\/pt\/210884\/","title":{"rendered":"&#8220;Secret Story&#8221;: Liliana conquista o terceiro lugar"},"content":{"rendered":"<p><a href=\"https:\/\/selfie.iol.pt\/famosos\/casa-dos-segredos-9\/ela-nem-sonha-liliana-sofre-duro-golpe-fora-de-secret-story-infelizmente-a-maldade-corre-nas-veias\/20261230\/69543ce5d34e2bd5c6d5ac42\" target=\"_blank\" rel=\"nofollow noopener\">Liliana Oliveira<\/a> \u00e9 a terceira classificada da nona edi\u00e7\u00e3o de &#8220;<a href=\"https:\/\/tvi.iol.pt\/secretstory\/\" target=\"_blank\" rel=\"nofollow noopener\">Secret Story<\/a> &#8211; Casa dos Segredos&#8221;.<\/p>\n<p>Com 10% dos votos, a psic\u00f3loga deixou, assim, o reality show da <a href=\"https:\/\/tvi.iol.pt\/\" target=\"_blank\" rel=\"nofollow noopener\">TVI<\/a>, ap\u00f3s v\u00e1rias pol\u00e9micas protagonizadas na mans\u00e3o da Malveira.<\/p>\n<p>As linhas telef\u00f3nicas foram, entretanto, reabertas, continuando na corrida pelo pr\u00e9mio de 250 mil euros In\u00eas Gama e Pedro Jorge. <a href=\"https:\/\/selfie.iol.pt\/famosos\/casa-dos-segredos-9\/secret-story-marisa-despede-se-do-reality-show-da-tvi-em-quarto-lugar\/20261231\/6955a54bd34e2bd5c6d5b34d\" target=\"_blank\" rel=\"nofollow noopener\">Marisa Pires<\/a> foi a primeira finalista a abandonar a casa mais vigiada do Pa\u00eds, tendo-se ficado pela quarta posi\u00e7\u00e3o.<\/p>\n","protected":false},"excerpt":{"rendered":"Liliana Oliveira \u00e9 a terceira classificada da nona edi\u00e7\u00e3o de &#8220;Secret Story &#8211; Casa dos Segredos&#8221;. Com 10%&hellip;\n","protected":false},"author":2,"featured_media":72903,"comment_status":"","ping_status":"","sticky":false,"template":"","format":"standard","meta":{"footnotes":""},"categories":[85],"tags":[2632,13471,114,115,980,32,33,1315,6985,16687,16686,1012],"class_list":{"0":"post-210884","1":"post","2":"type-post","3":"status-publish","4":"format-standard","5":"has-post-thumbnail","7":"category-entretenimento","8":"tag-casa-dos-segredos","9":"tag-casa-dos-segredos-9","10":"tag-entertainment","11":"tag-entretenimento","12":"tag-famosos","13":"tag-portugal","14":"tag-pt","15":"tag-secret-story","16":"tag-secret-story-casa-dos-segredos","17":"tag-secret-story-casa-dos-segredos-9","18":"tag-secret-story-9","19":"tag-selfie"},"share_on_mastodon":{"url":"https:\/\/pubeurope.com\/@pt\/115821289368316692","error":""},"_links":{"self":[{"href":"https:\/\/www.europesays.com\/pt\/wp-json\/wp\/v2\/posts\/210884","targetHints":{"allow":["GET"]}}],"collection":[{"href":"https:\/\/www.europesays.com\/pt\/wp-json\/wp\/v2\/posts"}],"about":[{"href":"https:\/\/www.europesays.com\/pt\/wp-json\/wp\/v2\/types\/post"}],"author":[{"embeddable":true,"href":"https:\/\/www.europesays.com\/pt\/wp-json\/wp\/v2\/users\/2"}],"replies":[{"embeddable":true,"href":"https:\/\/www.europesays.com\/pt\/wp-json\/wp\/v2\/comments?post=210884"}],"version-history":[{"count":0,"href":"https:\/\/www.europesays.com\/pt\/wp-json\/wp\/v2\/posts\/210884\/revisions"}],"wp:featuredmedia":[{"embeddable":true,"href":"https:\/\/www.europesays.com\/pt\/wp-json\/wp\/v2\/media\/72903"}],"wp:attachment":[{"href":"https:\/\/www.europesays.com\/pt\/wp-json\/wp\/v2\/media?parent=210884"}],"wp:term":[{"taxonomy":"category","embeddable":true,"href":"https:\/\/www.europesays.com\/pt\/wp-json\/wp\/v2\/categories?post=210884"},{"taxonomy":"post_tag","embeddable":true,"href":"https:\/\/www.europesays.com\/pt\/wp-json\/wp\/v2\/tags?post=210884"}],"curies":[{"name":"wp","href":"https:\/\/api.w.org\/{rel}","templated":true}]}}