{"id":210925,"date":"2026-01-01T19:18:16","date_gmt":"2026-01-01T19:18:16","guid":{"rendered":"https:\/\/www.europesays.com\/pt\/210925\/"},"modified":"2026-01-01T19:18:16","modified_gmt":"2026-01-01T19:18:16","slug":"halo-cosmico-em-rotacao-revela-segredo-oculto-entre-materia-e-energia-escuras-noticias-r7","status":"publish","type":"post","link":"https:\/\/www.europesays.com\/pt\/210925\/","title":{"rendered":"Halo c\u00f3smico em rota\u00e7\u00e3o revela segredo oculto entre mat\u00e9ria e energia escuras \u2013 Noticias R7"},"content":{"rendered":"<p><img decoding=\"async\" data-chromatic=\"ignore\" alt=\"\" class=\"c-image\" loading=\"lazy\" src=\"https:\/\/www.europesays.com\/pt\/wp-content\/uploads\/2026\/01\/XT35CVWE2ZEEFD4HTW67SISDFY.jpeg\"  width=\"2048\" height=\"1152\"\/>Como for\u00e7as invis\u00edveis moldam a rota\u00e7\u00e3o dos halos que cercam as gal\u00e1xias (Imagem: Gerada por IA\/ Gemini) Fala Ci\u00eancia <\/p>\n<p class=\"jarvics:base-text-neutral-high-400 base-text-[calc(theme(fontSize.xs)_*_var(--font-size,_1))] base-font-normal base-font-primary base-text-neutral-low-500 base-text-left\">\n<p>A compreens\u00e3o da <strong>rota\u00e7\u00e3o dos halos c\u00f3smicos<\/strong> acaba de ganhar uma nova camada de complexidade. Pesquisas recentes da <strong>Academia Chinesa de Ci\u00eancias<\/strong>, apoiadas por simula\u00e7\u00f5es avan\u00e7adas, mostram que a intera\u00e7\u00e3o entre <strong>mat\u00e9ria escura<\/strong> e <strong>energia escura<\/strong> pode modificar profundamente a forma e o movimento das estruturas que envolvem as gal\u00e1xias. Esse resultado, al\u00e9m de ampliar a vis\u00e3o sobre o setor escuro, reformula expectativas para observa\u00e7\u00f5es futuras.<\/p>\n<\/p>\n<p class=\"jarvics:base-text-neutral-high-400 base-text-[calc(theme(fontSize.xs)_*_var(--font-size,_1))] base-font-normal base-font-primary base-text-neutral-low-500 base-text-left\">\n<p>Antes de mergulhar nas diferen\u00e7as entre os cen\u00e1rios simulados, vale destacar alguns conceitos fundamentais que ajudam a visualizar o desafio cosmol\u00f3gico:<\/p>\n<\/p>\n<p class=\"jarvics:base-text-neutral-high-400 base-text-[calc(theme(fontSize.xs)_*_var(--font-size,_1))] base-font-normal base-font-primary base-text-neutral-low-500 base-text-left\">\n<ul class=\"wp-block-list\">\n<li>\n<strong>Mat\u00e9ria escura:<\/strong> gera gravidade, molda gal\u00e1xias e halos;<\/li>\n<li>\n<strong>Energia escura:<\/strong> impulsiona a expans\u00e3o acelerada do cosmos;<\/li>\n<li>\n<strong>Modelos IDE:<\/strong> permitem troca de energia entre esses dois componentes;<\/li>\n<li>\n<strong>Modelo \u039bCDM:<\/strong> trata os dois setores como independentes.<\/li>\n<\/ul>\n<p class=\"jarvics:base-text-neutral-high-400 base-text-[calc(theme(fontSize.xs)_*_var(--font-size,_1))] base-font-normal base-font-primary base-text-neutral-low-500 base-text-left\"><strong>For\u00e7as que remodelam o invis\u00edvel<\/strong><\/p>\n<p class=\"jarvics:base-text-neutral-high-400 base-text-[calc(theme(fontSize.xs)_*_var(--font-size,_1))] base-font-normal base-font-primary base-text-neutral-low-500 base-text-left\">\n<p>As simula\u00e7\u00f5es conduzidas com o programa <strong>ME-GADGET<\/strong>, um c\u00f3digo N-corpos de alta precis\u00e3o, revelaram que pequenas mudan\u00e7as no fluxo de energia entre os setores escuros alteram o <strong>spin dos halos<\/strong>, sua <strong>compress\u00e3o<\/strong> e at\u00e9 o <strong>alinhamento com filamentos c\u00f3smicos<\/strong>. Por isso, cada modelo gera um tipo distinto de Universo.<\/p>\n<\/p>\n<p><img decoding=\"async\" data-chromatic=\"ignore\" alt=\"\" class=\"c-image\" loading=\"lazy\" src=\"https:\/\/www.europesays.com\/pt\/wp-content\/uploads\/2026\/01\/CDZWEWGQL5FBTEKIFGR6H5IRCA.jpeg\"  width=\"1024\" height=\"576\"\/>Intera\u00e7\u00e3o entre setores escuros revela novos padr\u00f5es na estrutura do Universo (Imagem: Gerada por IA\/ Gemini)<br \/>\n Fala Ci\u00eancia <\/p>\n<p class=\"jarvics:base-text-neutral-high-400 base-text-[calc(theme(fontSize.xs)_*_var(--font-size,_1))] base-font-normal base-font-primary base-text-neutral-low-500 base-text-left\">\n<p>No <strong>cen\u00e1rio IDE I<\/strong>, a <strong>mat\u00e9ria escura decai em energia escura<\/strong>, diminuindo a massa efetiva das part\u00edculas. Como consequ\u00eancia, os halos ficam mais leves, mais soltos e mais suscet\u00edveis \u00e0s mar\u00e9s gravitacionais ao redor. Al\u00e9m disso, o alinhamento com estruturas maiores tende a ser mais forte, como se o halo tivesse menor autonomia estrutural.<\/p>\n<\/p>\n<p class=\"jarvics:base-text-neutral-high-400 base-text-[calc(theme(fontSize.xs)_*_var(--font-size,_1))] base-font-normal base-font-primary base-text-neutral-low-500 base-text-left\">\n<p>O <strong>modelo IDE II<\/strong> segue dire\u00e7\u00e3o contr\u00e1ria: a <strong>energia escura se converte em mat\u00e9ria escura<\/strong>, tornando o halo mais denso e resistente. Estruturas compactas sofrem menos deforma\u00e7\u00f5es, e o alinhamento com o ambiente aparece reduzido, algo que indica maior estabilidade mec\u00e2nica.<\/p>\n<\/p>\n<p class=\"jarvics:base-text-neutral-high-400 base-text-[calc(theme(fontSize.xs)_*_var(--font-size,_1))] base-font-normal base-font-primary base-text-neutral-low-500 base-text-left\"><strong>Quando o Universo se comporta como um organismo<\/strong><\/p>\n<p class=\"jarvics:base-text-neutral-high-400 base-text-[calc(theme(fontSize.xs)_*_var(--font-size,_1))] base-font-normal base-font-primary base-text-neutral-low-500 base-text-left\">\n<p>Os pesquisadores prop\u00f5em uma analogia interessante: halos mais densos funcionam como <strong>tecidos musculares<\/strong>, capazes de sustentar peso e manter forma; halos mais difusos lembram <strong>ac\u00famulos de gordura<\/strong>, facilmente deformados pela gravidade. Essa compara\u00e7\u00e3o ajuda a visualizar por que cada modelo reage de forma t\u00e3o distinta ao ambiente c\u00f3smico.<\/p>\n<\/p>\n<p class=\"jarvics:base-text-neutral-high-400 base-text-[calc(theme(fontSize.xs)_*_var(--font-size,_1))] base-font-normal base-font-primary base-text-neutral-low-500 base-text-left\">\n<p>Compreender essas diferen\u00e7as \u00e9 crucial para calibrar efeitos de <strong>alinhamento intr\u00ednseco<\/strong>, um dos principais desafios das an\u00e1lises de <strong>lentes gravitacionais fracas<\/strong>. Futuras miss\u00f5es, como as previstas para o <strong>CSST<\/strong>, depender\u00e3o dessa precis\u00e3o para medir com exatid\u00e3o a distribui\u00e7\u00e3o de massa no Universo.<\/p>\n<\/p>\n<p class=\"jarvics:base-text-neutral-high-400 base-text-[calc(theme(fontSize.xs)_*_var(--font-size,_1))] base-font-normal base-font-primary base-text-neutral-low-500 base-text-left\">\n<p>As simula\u00e7\u00f5es do Observat\u00f3rio de Xangai refor\u00e7am que a dire\u00e7\u00e3o da convers\u00e3o de energia no setor escuro deixa assinaturas observ\u00e1veis claras, permitindo distinguir modelos e refinar par\u00e2metros cosmol\u00f3gicos.<\/p><\/p>\n","protected":false},"excerpt":{"rendered":"Como for\u00e7as invis\u00edveis moldam a rota\u00e7\u00e3o dos halos que cercam as gal\u00e1xias (Imagem: Gerada por IA\/ Gemini) Fala&hellip;\n","protected":false},"author":2,"featured_media":210926,"comment_status":"","ping_status":"","sticky":false,"template":"","format":"standard","meta":{"footnotes":""},"categories":[84],"tags":[109,107,108,32,33,105,103,104,106,110],"class_list":{"0":"post-210925","1":"post","2":"type-post","3":"status-publish","4":"format-standard","5":"has-post-thumbnail","7":"category-ciencia-e-tecnologia","8":"tag-ciencia","9":"tag-ciencia-e-tecnologia","10":"tag-cienciaetecnologia","11":"tag-portugal","12":"tag-pt","13":"tag-science","14":"tag-science-and-technology","15":"tag-scienceandtechnology","16":"tag-technology","17":"tag-tecnologia"},"share_on_mastodon":{"url":"https:\/\/pubeurope.com\/@pt\/115821458448287931","error":""},"_links":{"self":[{"href":"https:\/\/www.europesays.com\/pt\/wp-json\/wp\/v2\/posts\/210925","targetHints":{"allow":["GET"]}}],"collection":[{"href":"https:\/\/www.europesays.com\/pt\/wp-json\/wp\/v2\/posts"}],"about":[{"href":"https:\/\/www.europesays.com\/pt\/wp-json\/wp\/v2\/types\/post"}],"author":[{"embeddable":true,"href":"https:\/\/www.europesays.com\/pt\/wp-json\/wp\/v2\/users\/2"}],"replies":[{"embeddable":true,"href":"https:\/\/www.europesays.com\/pt\/wp-json\/wp\/v2\/comments?post=210925"}],"version-history":[{"count":0,"href":"https:\/\/www.europesays.com\/pt\/wp-json\/wp\/v2\/posts\/210925\/revisions"}],"wp:featuredmedia":[{"embeddable":true,"href":"https:\/\/www.europesays.com\/pt\/wp-json\/wp\/v2\/media\/210926"}],"wp:attachment":[{"href":"https:\/\/www.europesays.com\/pt\/wp-json\/wp\/v2\/media?parent=210925"}],"wp:term":[{"taxonomy":"category","embeddable":true,"href":"https:\/\/www.europesays.com\/pt\/wp-json\/wp\/v2\/categories?post=210925"},{"taxonomy":"post_tag","embeddable":true,"href":"https:\/\/www.europesays.com\/pt\/wp-json\/wp\/v2\/tags?post=210925"}],"curies":[{"name":"wp","href":"https:\/\/api.w.org\/{rel}","templated":true}]}}