{"id":210954,"date":"2026-01-01T19:49:07","date_gmt":"2026-01-01T19:49:07","guid":{"rendered":"https:\/\/www.europesays.com\/pt\/210954\/"},"modified":"2026-01-01T19:49:07","modified_gmt":"2026-01-01T19:49:07","slug":"40-anos-montenegro-defende-que-adesao-a-cee-foi-escolha-estrategica-que-modernizou-o-pais","status":"publish","type":"post","link":"https:\/\/www.europesays.com\/pt\/210954\/","title":{"rendered":"40 anos. Montenegro defende que ades\u00e3o \u00e0 CEE foi &#8220;escolha estrat\u00e9gica&#8221; que modernizou o pa\u00eds"},"content":{"rendered":"<p>&#13;<br \/>\nNuma mensagem publicada na rede social X, o primeiro-ministro assinala que Portugal se tornou &#8220;membro pleno&#8221; da ent\u00e3o Comunidade Econ\u00f3mica Europeia (CEE) h\u00e1 40 anos.&#13;\n<\/p>\n<blockquote class=\"twitter-tweet\"><p>&#13;<\/p>\n<p lang=\"pt\" dir=\"ltr\">&#13;<br \/>\n\tH\u00e1 40 anos, Portugal tornou-se membro pleno da ent\u00e3o CEE e encontrou um novo sentido para a sua voca\u00e7\u00e3o europeia. Essa escolha estrat\u00e9gica permitiu que o pa\u00eds se desenvolvesse, crescesse e convergisse no espa\u00e7o europeu. Consolidou tamb\u00e9m a nossa democracia, abriu a economia,\u2026&#13;\n\t<\/p>\n<p>&#13;<br \/>\n\t\u2014 Lu\u00eds Montenegro (@LMontenegro_PT) <a href=\"https:\/\/twitter.com\/LMontenegro_PT\/status\/2006728758833615315?ref_src=twsrc%5Etfw\" rel=\"nofollow noopener\" target=\"_blank\">January 1, 2026<\/a>&#13;\n<\/p><\/blockquote>\n<p>&#13;<br \/>\nLu\u00eds Montenegro afirma que Portugal &#8220;encontrou um novo sentido para a sua voca\u00e7\u00e3o europeia&#8221; e que &#8220;essa escolha estrat\u00e9gica permitiu que o pa\u00eds se desenvolvesse, crescesse e convergisse no espa\u00e7o europeu&#8221;. &#13;\n<\/p>\n<p>&#13;<br \/>\n&#8220;Consolidou tamb\u00e9m a nossa democracia, abriu a economia, modernizou o pa\u00eds e projetou-nos na Europa e no mundo. Hoje, na UE, continuamos a trabalhar para um Portugal mais pr\u00f3spero e para uma Uni\u00e3o mais forte e mais coesa. Pelo futuro de Portugal e pelo sucesso da UE&#8221;, acrescenta o chefe do Governo PSD\/CDS-PP.&#13;\n<\/p>\n<p>&#13;<br \/>\nTamb\u00e9m nas redes sociais, o presidente da Assembleia da Rep\u00fablica, Jos\u00e9 Pedro Aguiar-Branco, celebra esta data como &#8220;um dia que significou democracia, desenvolvimento e coes\u00e3o&#8221;.&#13;\n<\/p>\n<p>&#13;<br \/>\nNas mensagens publicadas no Facebook e no Instagram, Aguiar Branco apresenta uma foto de\u00a0M\u00e1rio Soares enquanto primeiro-ministro a assinar o tratado de ades\u00e3o \u00e0 CEE, sob o coment\u00e1rio: &#8220;Um dia que mudou a nossa Hist\u00f3ria. Um dia que significou democracia, desenvolvimento e coes\u00e3o.&#8221;&#13;\n<\/p>\n<p>&#13;<br \/>\nO presidente da Assembleia da Rep\u00fablica, deputado eleito pelo PSD, refere-se \u00e0 ades\u00e3o como &#8220;um dia que foi preparado por muitos&#8221; e &#8220;para o qual o parlamento muito contribuiu&#8221;.&#13;\n<\/p>\n<p>&#13;<br \/>\n&#8220;Um dia em que Portugal se encontrou com a sua identidade europeia e com o seu destino democr\u00e1tico. H\u00e1 40 anos, a ades\u00e3o de Portugal \u00e0s Comunidades Europeias. Dia de futuro. Dia de todos n\u00f3s!&#8221;, escreve\u00a0Aguiar-Branco.&#13;\n<\/p>\n<p>&#13;<br \/>\nO tratado de ades\u00e3o de Portugal \u00e0 ent\u00e3o CEE\u00a0foi assinado em 12 de junho de 1985 por\u00a0M\u00e1rio Soares\u00a0e tamb\u00e9m pelo vice-primeiro-ministro do Governo PS\/PSD, Rui Machete, e pelos ministros dos Neg\u00f3cios Estrangeiros, Jaime Gama, e das Finan\u00e7as, Ern\u00e2ni Lopes.&#13;\n<\/p>\n<p>&#13;<br \/>\nHoras depois, realizava-se em Madrid id\u00eantica sess\u00e3o, para a entrada de Espanha na CEE.&#13;\n<\/p>\n<p>&#13;<br \/>\nQuando o tratado entrou em vigor,\u00a0em 01 de janeiro de 1986, j\u00e1 estava em fun\u00e7\u00f5es o Governo do PSD chefiado por An\u00edbal Cavaco Silva, que iria governar durante dez anos.&#13;\n<\/p>\n<p>            <script async src=\"https:\/\/platform.twitter.com\/widgets.js\" charset=\"utf-8\"><\/script><\/p>\n","protected":false},"excerpt":{"rendered":"&#13; Numa mensagem publicada na rede social X, o primeiro-ministro assinala que Portugal se tornou &#8220;membro pleno&#8221; da&hellip;\n","protected":false},"author":2,"featured_media":210955,"comment_status":"","ping_status":"","sticky":false,"template":"","format":"standard","meta":{"footnotes":""},"categories":[10],"tags":[35047,27,28,15,16,14,25,26,21,22,12,13,19,20,32,23,24,33,17,18,29,30,31],"class_list":{"0":"post-210954","1":"post","2":"type-post","3":"status-publish","4":"format-standard","5":"has-post-thumbnail","7":"category-portugal","8":"tag-aguiar","9":"tag-breaking-news","10":"tag-breakingnews","11":"tag-featured-news","12":"tag-featurednews","13":"tag-headlines","14":"tag-latest-news","15":"tag-latestnews","16":"tag-main-news","17":"tag-mainnews","18":"tag-news","19":"tag-noticias","20":"tag-noticias-principais","21":"tag-noticiasprincipais","22":"tag-portugal","23":"tag-principais-noticias","24":"tag-principaisnoticias","25":"tag-pt","26":"tag-top-stories","27":"tag-topstories","28":"tag-ultimas","29":"tag-ultimas-noticias","30":"tag-ultimasnoticias"},"share_on_mastodon":{"url":"https:\/\/pubeurope.com\/@pt\/115821580367505867","error":""},"_links":{"self":[{"href":"https:\/\/www.europesays.com\/pt\/wp-json\/wp\/v2\/posts\/210954","targetHints":{"allow":["GET"]}}],"collection":[{"href":"https:\/\/www.europesays.com\/pt\/wp-json\/wp\/v2\/posts"}],"about":[{"href":"https:\/\/www.europesays.com\/pt\/wp-json\/wp\/v2\/types\/post"}],"author":[{"embeddable":true,"href":"https:\/\/www.europesays.com\/pt\/wp-json\/wp\/v2\/users\/2"}],"replies":[{"embeddable":true,"href":"https:\/\/www.europesays.com\/pt\/wp-json\/wp\/v2\/comments?post=210954"}],"version-history":[{"count":0,"href":"https:\/\/www.europesays.com\/pt\/wp-json\/wp\/v2\/posts\/210954\/revisions"}],"wp:featuredmedia":[{"embeddable":true,"href":"https:\/\/www.europesays.com\/pt\/wp-json\/wp\/v2\/media\/210955"}],"wp:attachment":[{"href":"https:\/\/www.europesays.com\/pt\/wp-json\/wp\/v2\/media?parent=210954"}],"wp:term":[{"taxonomy":"category","embeddable":true,"href":"https:\/\/www.europesays.com\/pt\/wp-json\/wp\/v2\/categories?post=210954"},{"taxonomy":"post_tag","embeddable":true,"href":"https:\/\/www.europesays.com\/pt\/wp-json\/wp\/v2\/tags?post=210954"}],"curies":[{"name":"wp","href":"https:\/\/api.w.org\/{rel}","templated":true}]}}