{"id":210988,"date":"2026-01-01T20:18:08","date_gmt":"2026-01-01T20:18:08","guid":{"rendered":"https:\/\/www.europesays.com\/pt\/210988\/"},"modified":"2026-01-01T20:18:08","modified_gmt":"2026-01-01T20:18:08","slug":"can-governo-do-gabao-suspende-selecao-apos-participacao-desonrosa","status":"publish","type":"post","link":"https:\/\/www.europesays.com\/pt\/210988\/","title":{"rendered":"CAN: Governo do Gab\u00e3o suspende sele\u00e7\u00e3o ap\u00f3s participa\u00e7\u00e3o \u00abdesonrosa\u00bb"},"content":{"rendered":"<p>A CAN n\u00e3o correu como esperado para o Gab\u00e3o. Tendo sido eliminados na fase de grupos, no mesmo grupo em que Mo\u00e7ambique garantiu uma vaga in\u00e9dita nos \u00aboitavos\u00bb, o governo do pa\u00eds tomou medidas dr\u00e1sticas.\u00a0<\/p>\n<p>Ora, ap\u00f3s tr\u00eas derrotas em tr\u00eas jogos, a desilus\u00e3o levou a decis\u00f5es pol\u00edticas. O governo do pa\u00eds optou por suspender a sele\u00e7\u00e3o por tempo indeterminado ap\u00f3s a participa\u00e7\u00e3o \u00abdesonrosa\u00bb.<\/p>\n<p>Em comunicado, o minist\u00e9rio da Juventude, Desporto, Divulga\u00e7\u00e3o Cultural e Artes anunciou tamb\u00e9m o despedimento do selecionador e o afastamento de Bruno Ecu\u00e9le Manga, capit\u00e3o, e Pierre-Emerick Aubameyang, um dos sub-capit\u00e3es.<\/p>\n<p>\u00abO Governo decide a dissolu\u00e7\u00e3o do corpo t\u00e9cnico, a suspens\u00e3o da sele\u00e7\u00e3o nacional at\u00e9 novo aviso, e a exclus\u00e3o dos jogadores Bruno Ecu\u00e9l\u00e9 Manga e Pierre-Emerick Aubameyang\u00bb, pode ler-se no comunicado.<\/p>\n","protected":false},"excerpt":{"rendered":"A CAN n\u00e3o correu como esperado para o Gab\u00e3o. Tendo sido eliminados na fase de grupos, no mesmo&hellip;\n","protected":false},"author":2,"featured_media":210989,"comment_status":"","ping_status":"","sticky":false,"template":"","format":"standard","meta":{"footnotes":""},"categories":[8],"tags":[27,28,38988,15,16,32662,14,82,25,26,21,22,46,12,13,19,20,32,23,24,33,47,3757,17,18,29,30,31],"class_list":{"0":"post-210988","1":"post","2":"type-post","3":"status-publish","4":"format-standard","5":"has-post-thumbnail","7":"category-principais-noticias","8":"tag-breaking-news","9":"tag-breakingnews","10":"tag-can","11":"tag-featured-news","12":"tag-featurednews","13":"tag-gabao","14":"tag-headlines","15":"tag-internacional","16":"tag-latest-news","17":"tag-latestnews","18":"tag-main-news","19":"tag-mainnews","20":"tag-maisfutebol","21":"tag-news","22":"tag-noticias","23":"tag-noticias-principais","24":"tag-noticiasprincipais","25":"tag-portugal","26":"tag-principais-noticias","27":"tag-principaisnoticias","28":"tag-pt","29":"tag-pura-paixao","30":"tag-suspensao","31":"tag-top-stories","32":"tag-topstories","33":"tag-ultimas","34":"tag-ultimas-noticias","35":"tag-ultimasnoticias"},"share_on_mastodon":{"url":"https:\/\/pubeurope.com\/@pt\/115821694675714360","error":""},"_links":{"self":[{"href":"https:\/\/www.europesays.com\/pt\/wp-json\/wp\/v2\/posts\/210988","targetHints":{"allow":["GET"]}}],"collection":[{"href":"https:\/\/www.europesays.com\/pt\/wp-json\/wp\/v2\/posts"}],"about":[{"href":"https:\/\/www.europesays.com\/pt\/wp-json\/wp\/v2\/types\/post"}],"author":[{"embeddable":true,"href":"https:\/\/www.europesays.com\/pt\/wp-json\/wp\/v2\/users\/2"}],"replies":[{"embeddable":true,"href":"https:\/\/www.europesays.com\/pt\/wp-json\/wp\/v2\/comments?post=210988"}],"version-history":[{"count":0,"href":"https:\/\/www.europesays.com\/pt\/wp-json\/wp\/v2\/posts\/210988\/revisions"}],"wp:featuredmedia":[{"embeddable":true,"href":"https:\/\/www.europesays.com\/pt\/wp-json\/wp\/v2\/media\/210989"}],"wp:attachment":[{"href":"https:\/\/www.europesays.com\/pt\/wp-json\/wp\/v2\/media?parent=210988"}],"wp:term":[{"taxonomy":"category","embeddable":true,"href":"https:\/\/www.europesays.com\/pt\/wp-json\/wp\/v2\/categories?post=210988"},{"taxonomy":"post_tag","embeddable":true,"href":"https:\/\/www.europesays.com\/pt\/wp-json\/wp\/v2\/tags?post=210988"}],"curies":[{"name":"wp","href":"https:\/\/api.w.org\/{rel}","templated":true}]}}