{"id":211026,"date":"2026-01-01T20:47:23","date_gmt":"2026-01-01T20:47:23","guid":{"rendered":"https:\/\/www.europesays.com\/pt\/211026\/"},"modified":"2026-01-01T20:47:23","modified_gmt":"2026-01-01T20:47:23","slug":"vida-de-marcia-soares-mudou-ha-dois-anos-sei-que-fui-uma-sortuda","status":"publish","type":"post","link":"https:\/\/www.europesays.com\/pt\/211026\/","title":{"rendered":"Vida de Marcia Soares mudou h\u00e1 dois anos: &#8220;Sei que fui uma sortuda&#8221;"},"content":{"rendered":"<p>Nesta quarta-feira, dia 31, completaram-se exatamente dois anos desde o fim do &#8220;Big Brother 2023&#8221;, reality show da <a href=\"https:\/\/tvi.iol.pt\/\" target=\"_blank\" rel=\"nofollow noopener\">TVI<\/a> no qual Marcia Soares se classificou em terceiro lugar. Longe de imaginar como a respetiva vida iria mudar, a luxemburguesa foi acolhida por milhares e milhares de f\u00e3s, tendo-se mudado para Lisboa e abra\u00e7ado duas novas paix\u00f5es: a de influenciadora digital e a de comentadora de programas do mesmo g\u00e9nero televisivo.<\/p>\n<p>&#8220;Dois anos depois, olho para tr\u00e1s e vejo que a minha vida mudou um bocadinho&#8230;&#8221;, come\u00e7a por dizer <a href=\"https:\/\/selfie.iol.pt\/famosos\/marcia-soares\/nao-gosto-do-natal-marcia-soares-revela-razoes-por-detras-desta-afirmacao\/20251212\/6939882bd34e3caad84c38f3\" target=\"_blank\" rel=\"nofollow noopener\">Marcia Soares<\/a>, em exclusivo \u00e0 SELFIE, corrigindo logo de seguida: &#8220;Mudou muito! Sinto-me muito feliz por ter tido a oportunidade de viver tudo. Hoje em dia, gosto mesmo de aproveitar e de saborear todas as pequenas conquistas. Saborear e agradecer muito, porque sei que fui uma sortuda e que a nossa edi\u00e7\u00e3o foi incrivelmente boa&#8221;, constata.<\/p>\n<p>Embora tenham passado dois anos e muitos reality shows, Marcia Soares confessa que o &#8220;<a href=\"https:\/\/tvi.iol.pt\/bigbrother\/\" target=\"_blank\" rel=\"nofollow noopener\">Big Brother<\/a> 2023&#8243; &#8220;est\u00e1 sempre presente&#8221; na pr\u00f3pria. &#8220;Ainda n\u00e3o consegui desligar-me da minha casa, porque, quando estou a comentar, sinto muito as emo\u00e7\u00f5es dos concorrentes e, inevitavelmente, comparo muito \u00e0quilo que aconteceu na minha casa&#8221;, fundamenta a luxemburguesa, acabada de despedir-se da nona edi\u00e7\u00e3o de &#8220;<a href=\"https:\/\/tvi.iol.pt\/secretstory\/\" target=\"_blank\" rel=\"nofollow noopener\">Secret Story<\/a> &#8211; Casa dos Segredos&#8221;.<\/p>\n<p>Veja, agora, nas galerias que prepar\u00e1mos para si, as melhores imagens de <a href=\"https:\/\/selfie.iol.pt\/famosos\/marcia-soares\/afinal-quem-envia-flores-a-marcia-soares-desfazemos-o-misterio\/20251215\/6940731bd34e2bd5c6d522c4\" target=\"_blank\" rel=\"nofollow noopener\">Marcia Soares<\/a>.<\/p>\n","protected":false},"excerpt":{"rendered":"Nesta quarta-feira, dia 31, completaram-se exatamente dois anos desde o fim do &#8220;Big Brother 2023&#8221;, reality show da&hellip;\n","protected":false},"author":2,"featured_media":211027,"comment_status":"","ping_status":"","sticky":false,"template":"","format":"standard","meta":{"footnotes":"","_share_on_mastodon":"0"},"categories":[145],"tags":[6308,6981,48,6982,2632,13471,211,210,6980,114,115,741,6309,4763,980,9485,2038,619,32,33,1014,1315,6985,16687,16686,1012,6986,16688,162],"class_list":["post-211026","post","type-post","status-publish","format-standard","has-post-thumbnail","category-celebridades","tag-bb","tag-bb2023","tag-big-brother","tag-big-brother-2023","tag-casa-dos-segredos","tag-casa-dos-segredos-9","tag-celebridades","tag-celebrities","tag-comentadora","tag-entertainment","tag-entretenimento","tag-entrevista","tag-ex-concorrente","tag-exclusivo","tag-famosos","tag-finalista","tag-marcia-soares","tag-nacional","tag-portugal","tag-pt","tag-reality-show","tag-secret-story","tag-secret-story-casa-dos-segredos","tag-secret-story-casa-dos-segredos-9","tag-secret-story-9","tag-selfie","tag-ss","tag-ss9","tag-tvi"],"share_on_mastodon":{"url":"https:\/\/pubeurope.com\/@pt\/115821808386309701","error":""},"_links":{"self":[{"href":"https:\/\/www.europesays.com\/pt\/wp-json\/wp\/v2\/posts\/211026","targetHints":{"allow":["GET"]}}],"collection":[{"href":"https:\/\/www.europesays.com\/pt\/wp-json\/wp\/v2\/posts"}],"about":[{"href":"https:\/\/www.europesays.com\/pt\/wp-json\/wp\/v2\/types\/post"}],"author":[{"embeddable":true,"href":"https:\/\/www.europesays.com\/pt\/wp-json\/wp\/v2\/users\/2"}],"replies":[{"embeddable":true,"href":"https:\/\/www.europesays.com\/pt\/wp-json\/wp\/v2\/comments?post=211026"}],"version-history":[{"count":0,"href":"https:\/\/www.europesays.com\/pt\/wp-json\/wp\/v2\/posts\/211026\/revisions"}],"wp:featuredmedia":[{"embeddable":true,"href":"https:\/\/www.europesays.com\/pt\/wp-json\/wp\/v2\/media\/211027"}],"wp:attachment":[{"href":"https:\/\/www.europesays.com\/pt\/wp-json\/wp\/v2\/media?parent=211026"}],"wp:term":[{"taxonomy":"category","embeddable":true,"href":"https:\/\/www.europesays.com\/pt\/wp-json\/wp\/v2\/categories?post=211026"},{"taxonomy":"post_tag","embeddable":true,"href":"https:\/\/www.europesays.com\/pt\/wp-json\/wp\/v2\/tags?post=211026"}],"curies":[{"name":"wp","href":"https:\/\/api.w.org\/{rel}","templated":true}]}}